{"id":11194,"date":"2019-02-01T11:08:41","date_gmt":"2019-02-01T13:08:41","guid":{"rendered":"http:\/\/ww2.silvajardim.rj.gov.br\/site\/?p=125"},"modified":"2019-02-01T11:08:41","modified_gmt":"2019-02-01T13:08:41","slug":"defesa-civil-e-moradores-realizam-servico-de-recuperacao-de-sistema-de-abastecimento-de-agua-em-bananeiras","status":"publish","type":"post","link":"https:\/\/www.silvajardim.rj.gov.br\/index.php\/2019\/02\/01\/defesa-civil-e-moradores-realizam-servico-de-recuperacao-de-sistema-de-abastecimento-de-agua-em-bananeiras\/","title":{"rendered":"Defesa Civil e moradores realizam servi\u00e7o de recupera\u00e7\u00e3o de sistema de abastecimento de \u00e1gua em Bananeiras"},"content":{"rendered":"\n<figure class=\"wp-block-image\"><img decoding=\"async\" src=\"http:\/\/www.silvajardim.rj.gov.br\/wp-content\/uploads\/2019\/02\/2019.01.09.02-1024x768.jpg\" alt=\"\" class=\"wp-image-126\"\/><\/figure>\n\n\n\n<p>A Defesa Civil de Silva Jardim em parceria com a Associa\u00e7\u00e3o de Moradores de Bananeiras, realizaram a recupera\u00e7\u00e3o do sistema de abastecimento de \u00e1gua de Bananeiras que foi danificado com as fortes chuvas no bairro nos \u00faltimos dias de dezembro.<\/p>\n\n\n\n<p>O servi\u00e7o de recupera\u00e7\u00e3o de abastecimento de \u00e1gua no bairro contou com m\u00e3o de obra disponibilizada pela Defesa Civil e colaboradores da Associa\u00e7\u00e3o de Moradores e os materiais utilizados para o servi\u00e7o foram disponibilizados pela Defesa Civil. As chuvas danificaram o antigo sistema de abastecimento que possu\u00edam duas caixas d\u2019\u00e1gua de 500 litros que foram substitu\u00eddas por outras duas de 1.000 litros.<\/p>\n\n\n\n<p>As chuvas nos \u00faltimos dias de 2018 tamb\u00e9m danificaram algumas pontes na localidade, uma que teve um tubo de a\u00e7o arrancado na altura da Fazenda Bocaina I, que mesmo por estar na estrada RJ 126 (Correntezas X Bananeiras), que \u00e9 de responsabilidade do Governo Estadual, a Prefeitura realizar\u00e1 a manuten\u00e7\u00e3o. Outra ponte que d\u00e1 acesso ao cemit\u00e9rio, tamb\u00e9m na RJ 126, que liga o munic\u00edpio de Silva Jardim a Nova Friburgo, onde a manuten\u00e7\u00e3o da mesma ser\u00e1 realizada assim que poss\u00edvel. E uma outra ponte que d\u00e1 acesso a um loteamento onde passa cadeirante a Prefeitura realizar\u00e1 a manuten\u00e7\u00e3o nos pr\u00f3ximos dias.<\/p>\n\n\n\n<p>Pontos da estrada de Bananeiras foram muito prejudicados pelas chuvas e a manuten\u00e7\u00e3o destes pontos est\u00e1 sendo realizada numa parceria das secretarias de Obras, Agricultura e Defesa Civil com moradores locais.<\/p>\n\n\n\n<p>(Imagem Divulga\u00e7\u00e3o Defesa Civil\/SJ)<\/p>\n","protected":false},"excerpt":{"rendered":"<p>A Defesa Civil de Silva Jardim em parceria com a Associa\u00e7\u00e3o de Moradores de Bananeiras, realizaram a recupera\u00e7\u00e3o do sistema<\/p>\n","protected":false},"author":1,"featured_media":126,"comment_status":"closed","ping_status":"closed","sticky":false,"template":"","format":"standard","meta":{"_mi_skip_tracking":false,"footnotes":""},"categories":[285,273],"tags":[],"class_list":["post-11194","post","type-post","status-publish","format-standard","has-post-thumbnail","hentry","category-defesa-civil","category-prefeitura"],"_links":{"self":[{"href":"https:\/\/www.silvajardim.rj.gov.br\/index.php\/wp-json\/wp\/v2\/posts\/11194","targetHints":{"allow":["GET"]}}],"collection":[{"href":"https:\/\/www.silvajardim.rj.gov.br\/index.php\/wp-json\/wp\/v2\/posts"}],"about":[{"href":"https:\/\/www.silvajardim.rj.gov.br\/index.php\/wp-json\/wp\/v2\/types\/post"}],"author":[{"embeddable":true,"href":"https:\/\/www.silvajardim.rj.gov.br\/index.php\/wp-json\/wp\/v2\/users\/1"}],"replies":[{"embeddable":true,"href":"https:\/\/www.silvajardim.rj.gov.br\/index.php\/wp-json\/wp\/v2\/comments?post=11194"}],"version-history":[{"count":0,"href":"https:\/\/www.silvajardim.rj.gov.br\/index.php\/wp-json\/wp\/v2\/posts\/11194\/revisions"}],"wp:featuredmedia":[{"embeddable":true,"href":"https:\/\/www.silvajardim.rj.gov.br\/index.php\/wp-json\/wp\/v2\/media\/126"}],"wp:attachment":[{"href":"https:\/\/www.silvajardim.rj.gov.br\/index.php\/wp-json\/wp\/v2\/media?parent=11194"}],"wp:term":[{"taxonomy":"category","embeddable":true,"href":"https:\/\/www.silvajardim.rj.gov.br\/index.php\/wp-json\/wp\/v2\/categories?post=11194"},{"taxonomy":"post_tag","embeddable":true,"href":"https:\/\/www.silvajardim.rj.gov.br\/index.php\/wp-json\/wp\/v2\/tags?post=11194"}],"curies":[{"name":"wp","href":"https:\/\/api.w.org\/{rel}","templated":true}]}}