{"id":11201,"date":"2019-02-01T11:23:39","date_gmt":"2019-02-01T13:23:39","guid":{"rendered":"http:\/\/ww2.silvajardim.rj.gov.br\/site\/?p=145"},"modified":"2019-02-01T11:23:39","modified_gmt":"2019-02-01T13:23:39","slug":"silva-jardim-realizara-acordo-de-cooperacao-tecnica-com-nova-iguacu-para-captacao-de-recursos","status":"publish","type":"post","link":"https:\/\/www.silvajardim.rj.gov.br\/index.php\/2019\/02\/01\/silva-jardim-realizara-acordo-de-cooperacao-tecnica-com-nova-iguacu-para-captacao-de-recursos\/","title":{"rendered":"Silva Jardim realizar\u00e1 acordo de coopera\u00e7\u00e3o t\u00e9cnica com Nova Igua\u00e7u para capta\u00e7\u00e3o de recursos"},"content":{"rendered":"\n<figure class=\"wp-block-image\"><img decoding=\"async\" src=\"http:\/\/www.silvajardim.rj.gov.br\/wp-content\/uploads\/2019\/02\/2019.01.14.04-1024x683.jpg\" alt=\"\" class=\"wp-image-146\"\/><\/figure>\n\n\n\n<p>Foi realizada no dia 11 de janeiro uma reuni\u00e3o entre a Prefeita Cilene com o Secret\u00e1rio de Assuntos Estrat\u00e9gicos, Ci\u00eancia, Tecnologia e Inova\u00e7\u00e3o de Nova Igua\u00e7u, Alex Castellar para viabilizar a realiza\u00e7\u00e3o de um acordo de coopera\u00e7\u00e3o t\u00e9cnica entre os munic\u00edpios de Silva Jardim e Nova Igua\u00e7u para capta\u00e7\u00e3o de recursos.<\/p>\n\n\n\n<p>O secret\u00e1rio de Nova Igua\u00e7u falou da sua experi\u00eancia na capta\u00e7\u00e3o de recursos. \u201cQuando assumi a secretaria de Ci\u00eancia e Tecnologia t\u00ednhamos apenas R$ 1 milh\u00e3o para investir, ent\u00e3o tivemos que buscar alternativas para ampliar nossa capta\u00e7\u00e3o de recursos. Fui identificando na prefeitura de Nova Igua\u00e7u v\u00e1rios profissionais que pudessem contribuir para montagem de uma equipe qualificada na montagem de projetos, montamos a equipe e come\u00e7amos a trabalhar. Montamos alguns projetos e come\u00e7amos a obter \u00eaxito na capta\u00e7\u00e3o de recursos federais via emenda parlamentar, e em poucos anos conseguimos para o munic\u00edpio mais de R$ 100 milh\u00f5es para investimentos em sa\u00fade, educa\u00e7\u00e3o e infraestrutura para Nova Igua\u00e7u. Tinha uma vasta experi\u00eancia no legislativo e muito pouca no executivo, hoje, o tempo que se leva da capta\u00e7\u00e3o at\u00e9 a licita\u00e7\u00e3o de um recurso proveniente do governo federal \u00e9 de aproximadamente 2 anos e geralmente a popula\u00e7\u00e3o n\u00e3o entende isso, \u00e9 muita burocracia, ent\u00e3o em Nova Igua\u00e7u, trabalhamos para identificar onde eram os gargalos desta burocracia na cidade e governo federal e come\u00e7amos a trabalhar na diminui\u00e7\u00e3o deste tempo e com isso estamos obtendo muito sucesso l\u00e1. Sei que a realidade de Silva Jardim \u00e9 bem diferente da nossa, mas acredito que nossa experi\u00eancia possa servir de modelo aqui para a cidade.\u201d Disse Alex Castellar.<\/p>\n\n\n\n<p>A prefeita ficou otimista com a parceria entre Silva Jardim e Nova Igua\u00e7u. \u201cEstou muito otimista com esta parceria que se inicia, pois Nova Igua\u00e7u possui uma experi\u00eancia de sucesso na capta\u00e7\u00e3o de recursos, e com a nossa queda de arrecada\u00e7\u00e3o precisamos viabilizar meios de gerar mais recursos para Silva Jardim para que possamos gerar emprego e renda para a popula\u00e7\u00e3o. Estamos reestruturando a administra\u00e7\u00e3o municipal e este interc\u00e2mbio de informa\u00e7\u00e3o \u00e9 muito importante.\u201d Disse a Prefeita Cilene.<\/p>\n\n\n\n<p>Ficou agendada a realiza\u00e7\u00e3o de um semin\u00e1rio para os servidores em Silva Jardim no dia 6 de fevereiro e visitas t\u00e9cnicas a Nova Igua\u00e7u para conhecer o passo a passo da capta\u00e7\u00e3o de recursos do munic\u00edpio da baixada fluminense. A reuni\u00e3o foi viabilizada pelo Secret\u00e1rio de Turismo, Felipe Rocha, e contou ainda com as presen\u00e7as dos secret\u00e1rios municipais de Fazenda, Leandro Antunes; de Administra\u00e7\u00e3o, Hugo Thiengo; e de Gabinete Civil, Jonas Moraes; do subsecret\u00e1rio de Assuntos Estrat\u00e9gicos, Ci\u00eancia, Tecnologia e Inova\u00e7\u00e3o de Nova Igua\u00e7u Jo\u00e3o Mattos e representantes das secretarias de turismo, procuradoria-geral e comiss\u00e3o de licita\u00e7\u00e3o.<\/p>\n\n\n\n<p>(14\/01\/2019)<\/p>\n","protected":false},"excerpt":{"rendered":"<p>Foi realizada no dia 11 de janeiro uma reuni\u00e3o entre a Prefeita Cilene com o Secret\u00e1rio de Assuntos Estrat\u00e9gicos, Ci\u00eancia,<\/p>\n","protected":false},"author":1,"featured_media":146,"comment_status":"closed","ping_status":"closed","sticky":false,"template":"","format":"standard","meta":{"_mi_skip_tracking":false,"footnotes":""},"categories":[279,273],"tags":[],"class_list":["post-11201","post","type-post","status-publish","format-standard","has-post-thumbnail","hentry","category-administracao","category-prefeitura"],"_links":{"self":[{"href":"https:\/\/www.silvajardim.rj.gov.br\/index.php\/wp-json\/wp\/v2\/posts\/11201","targetHints":{"allow":["GET"]}}],"collection":[{"href":"https:\/\/www.silvajardim.rj.gov.br\/index.php\/wp-json\/wp\/v2\/posts"}],"about":[{"href":"https:\/\/www.silvajardim.rj.gov.br\/index.php\/wp-json\/wp\/v2\/types\/post"}],"author":[{"embeddable":true,"href":"https:\/\/www.silvajardim.rj.gov.br\/index.php\/wp-json\/wp\/v2\/users\/1"}],"replies":[{"embeddable":true,"href":"https:\/\/www.silvajardim.rj.gov.br\/index.php\/wp-json\/wp\/v2\/comments?post=11201"}],"version-history":[{"count":0,"href":"https:\/\/www.silvajardim.rj.gov.br\/index.php\/wp-json\/wp\/v2\/posts\/11201\/revisions"}],"wp:featuredmedia":[{"embeddable":true,"href":"https:\/\/www.silvajardim.rj.gov.br\/index.php\/wp-json\/wp\/v2\/media\/146"}],"wp:attachment":[{"href":"https:\/\/www.silvajardim.rj.gov.br\/index.php\/wp-json\/wp\/v2\/media?parent=11201"}],"wp:term":[{"taxonomy":"category","embeddable":true,"href":"https:\/\/www.silvajardim.rj.gov.br\/index.php\/wp-json\/wp\/v2\/categories?post=11201"},{"taxonomy":"post_tag","embeddable":true,"href":"https:\/\/www.silvajardim.rj.gov.br\/index.php\/wp-json\/wp\/v2\/tags?post=11201"}],"curies":[{"name":"wp","href":"https:\/\/api.w.org\/{rel}","templated":true}]}}