{"id":11212,"date":"2019-02-11T11:32:24","date_gmt":"2019-02-11T13:32:24","guid":{"rendered":"http:\/\/ww2.silvajardim.rj.gov.br\/site\/?p=488"},"modified":"2019-02-11T11:32:24","modified_gmt":"2019-02-11T13:32:24","slug":"instituto-estadual-do-ambiente-inea-inicia-cadastro-ambiental-rural-car-em-silva-jardim","status":"publish","type":"post","link":"https:\/\/www.silvajardim.rj.gov.br\/index.php\/2019\/02\/11\/instituto-estadual-do-ambiente-inea-inicia-cadastro-ambiental-rural-car-em-silva-jardim\/","title":{"rendered":"Instituto Estadual do Ambiente (INEA) inicia Cadastro Ambiental Rural (CAR) em Silva Jardim"},"content":{"rendered":"\n<figure class=\"wp-block-image\"><img decoding=\"async\" src=\"http:\/\/www.silvajardim.rj.gov.br\/wp-content\/uploads\/2019\/02\/2019.02.09.01-1024x613.jpg\" alt=\"\" class=\"wp-image-489\"\/><\/figure>\n\n\n\n<p>Iniciou em Silva Jardim o Cadastro Ambiental Rural (CAR) do Instituto Estadual do Ambiente (INEA). O CAR \u00e9 um registro p\u00fablico obrigat\u00f3rio para todos os im\u00f3veis rurais e tem a finalidade de reunir as informa\u00e7\u00f5es ambientais das propriedades e posses rurais, compondo base de dados para controle, monitoramento, planejamento ambiental e econ\u00f4mico e combate ao desmatamento. O projeto tem apoio da Prefeitura atrav\u00e9s da Secretaria Municipal de Agricultura.<\/p>\n\n\n\n<p>O projeto consiste na elabora\u00e7\u00e3o do cadastro dos im\u00f3veis rurais localizados no interior e na zona de amortecimento das Unidades de Conserva\u00e7\u00e3o (UCs) Estaduais. O cadastro est\u00e1 sendo realizado pela Ger\u00eancia do Servi\u00e7o Florestal (GESEF), \u00e9 financiado com recursos da C\u00e2mara de Compensa\u00e7\u00e3o Ambiental (CCA), operado pelo Fundo Brasileiro para Biodiversidade (FUNBIO) e executado pela empresa Ambientagro Engenharia.<\/p>\n\n\n\n<p>O CAR \u00e9 um registro p\u00fablico obrigat\u00f3rio para todos os im\u00f3veis rurais e tem a finalidade de reunir as informa\u00e7\u00f5es ambientais das propriedades e posses rurais, compondo base de dados para controle, monitoramento, planejamento ambiental e econ\u00f4mico e combate ao desmatamento. Esse cadastro \u00e9 o primeiro passo para a obten\u00e7\u00e3o da regularidade ambiental do im\u00f3vel, sendo as informa\u00e7\u00f5es cadastradas, recebidas, integradas e gerenciadas pelo Sistema de Cadastro Ambiental Rural (SICAR).<\/p>\n\n\n\n<p>Com a inscri\u00e7\u00e3o do im\u00f3vel na realiza\u00e7\u00e3o do CAR, al\u00e9m de cumprir a obriga\u00e7\u00e3o legal, garante, in\u00fameras vantagens que poder\u00e3o ser adquiridas pelos propriet\u00e1rios\/possuidores, tais como: comprova\u00e7\u00e3o de regularidade ambiental do im\u00f3vel; seguran\u00e7a jur\u00eddica; acesso ao cr\u00e9dito agr\u00edcola; potencial como instrumento para planejamento do im\u00f3vel rural e acesso ao Programa de Regulariza\u00e7\u00e3o Ambiental (PRA).<\/p>\n\n\n\n<p>A equipe da Ambientagro Engenharia, al\u00e9m da execu\u00e7\u00e3o do cadastro, a equipe do projeto realizar\u00e1 palestras de esclarecimentos sobre o CAR e tamb\u00e9m a capacita\u00e7\u00e3o de agentes p\u00fablicos e privados, visando ampliar a rede de atendimento aos propriet\u00e1rios e posseiros de im\u00f3veis rurais. Em caso de d\u00favidas, envie e-mail para:<a href=\"mailto:car.gesef.inea@gmail.com\">car.gesef.inea@gmail.com<\/a>&nbsp;ou&nbsp;<a href=\"mailto:ambientagrorio@ambientagro.com.br\">ambientagrorio@ambientagro.com.br<\/a>&nbsp;ou entre em contato com: Inea \u2013 Ger\u00eancia do Servi\u00e7o Florestal (GESEF), pelo telefone: (21) 2332-5521 Ambientagro Engenharia, pelo telefone: (21) 99594-1654.<\/p>\n\n\n\n<p>(Imagem meramente ilustrativa)<\/p>\n\n\n\n<p>(09\/02\/2019)<\/p>\n","protected":false},"excerpt":{"rendered":"<p>Iniciou em Silva Jardim o Cadastro Ambiental Rural (CAR) do Instituto Estadual do Ambiente (INEA). O CAR \u00e9 um registro<\/p>\n","protected":false},"author":1,"featured_media":489,"comment_status":"closed","ping_status":"closed","sticky":false,"template":"","format":"standard","meta":{"_mi_skip_tracking":false,"footnotes":""},"categories":[276,273],"tags":[],"class_list":["post-11212","post","type-post","status-publish","format-standard","has-post-thumbnail","hentry","category-meio-ambiente","category-prefeitura"],"_links":{"self":[{"href":"https:\/\/www.silvajardim.rj.gov.br\/index.php\/wp-json\/wp\/v2\/posts\/11212","targetHints":{"allow":["GET"]}}],"collection":[{"href":"https:\/\/www.silvajardim.rj.gov.br\/index.php\/wp-json\/wp\/v2\/posts"}],"about":[{"href":"https:\/\/www.silvajardim.rj.gov.br\/index.php\/wp-json\/wp\/v2\/types\/post"}],"author":[{"embeddable":true,"href":"https:\/\/www.silvajardim.rj.gov.br\/index.php\/wp-json\/wp\/v2\/users\/1"}],"replies":[{"embeddable":true,"href":"https:\/\/www.silvajardim.rj.gov.br\/index.php\/wp-json\/wp\/v2\/comments?post=11212"}],"version-history":[{"count":0,"href":"https:\/\/www.silvajardim.rj.gov.br\/index.php\/wp-json\/wp\/v2\/posts\/11212\/revisions"}],"wp:featuredmedia":[{"embeddable":true,"href":"https:\/\/www.silvajardim.rj.gov.br\/index.php\/wp-json\/"}],"wp:attachment":[{"href":"https:\/\/www.silvajardim.rj.gov.br\/index.php\/wp-json\/wp\/v2\/media?parent=11212"}],"wp:term":[{"taxonomy":"category","embeddable":true,"href":"https:\/\/www.silvajardim.rj.gov.br\/index.php\/wp-json\/wp\/v2\/categories?post=11212"},{"taxonomy":"post_tag","embeddable":true,"href":"https:\/\/www.silvajardim.rj.gov.br\/index.php\/wp-json\/wp\/v2\/tags?post=11212"}],"curies":[{"name":"wp","href":"https:\/\/api.w.org\/{rel}","templated":true}]}}