{"id":11241,"date":"2019-04-11T10:30:27","date_gmt":"2019-04-11T13:30:27","guid":{"rendered":"http:\/\/www.silvajardim.rj.gov.br\/?p=688"},"modified":"2019-04-11T10:30:27","modified_gmt":"2019-04-11T13:30:27","slug":"reabertura-do-centro-cultural-capivari-ccc","status":"publish","type":"post","link":"https:\/\/www.silvajardim.rj.gov.br\/index.php\/2019\/04\/11\/reabertura-do-centro-cultural-capivari-ccc\/","title":{"rendered":"Reabertura do Centro Cultural Capivari \u2013 CCC"},"content":{"rendered":"\n<figure class=\"wp-block-embed-youtube wp-block-embed is-type-video is-provider-youtube wp-embed-aspect-16-9 wp-has-aspect-ratio\"><div class=\"wp-block-embed__wrapper\">\n<iframe loading=\"lazy\" title=\"Reabertura do Centro Cultural Capivari \u2013 CCC\" width=\"800\" height=\"450\" src=\"https:\/\/www.youtube.com\/embed\/g6yfdz9ud1M?feature=oembed\" frameborder=\"0\" allow=\"accelerometer; autoplay; clipboard-write; encrypted-media; gyroscope; picture-in-picture\" allowfullscreen><\/iframe>\n<\/div><\/figure>\n\n\n\n<p>\n\nO Centro Cultural Capivari \u2013 CCC, foi reaberto na \u00faltima sexta-feira (05), reunindo aproximadamente 450 pessoas que prestigiaram exposi\u00e7\u00e3o, barracas de comidas t\u00edpicas, bebidas, artesanato e m\u00fasica boa. O CCC funciona de segunda a sexta-feira das 09 as 17 horas e conta com exposi\u00e7\u00f5es permanentes sobre Ant\u00f4nio da Silva Jardim, Zez\u00e9 Macedo e Mural de Ex-prefeitos, e exposi\u00e7\u00f5es tempor\u00e1rias sobre o Banco Capivari, Numism\u00e1tica (que faz um breve relato hist\u00f3rico da evolu\u00e7\u00e3o do dinheiro na humanidade) e exposi\u00e7\u00e3o de fotos do fot\u00f3grafo local Luiz Thiago.\n\nConfira na reportagem de Jo\u00e3o Victor Mendes e Sormani Silva\n\n<\/p>\n","protected":false},"excerpt":{"rendered":"<p>O Centro Cultural Capivari \u2013 CCC, foi reaberto na \u00faltima sexta-feira (05), reunindo aproximadamente 450 pessoas que prestigiaram exposi\u00e7\u00e3o, barracas<\/p>\n","protected":false},"author":1,"featured_media":689,"comment_status":"closed","ping_status":"closed","sticky":false,"template":"","format":"standard","meta":{"_mi_skip_tracking":false,"footnotes":""},"categories":[273,278],"tags":[],"class_list":["post-11241","post","type-post","status-publish","format-standard","has-post-thumbnail","hentry","category-prefeitura","category-turismo"],"_links":{"self":[{"href":"https:\/\/www.silvajardim.rj.gov.br\/index.php\/wp-json\/wp\/v2\/posts\/11241","targetHints":{"allow":["GET"]}}],"collection":[{"href":"https:\/\/www.silvajardim.rj.gov.br\/index.php\/wp-json\/wp\/v2\/posts"}],"about":[{"href":"https:\/\/www.silvajardim.rj.gov.br\/index.php\/wp-json\/wp\/v2\/types\/post"}],"author":[{"embeddable":true,"href":"https:\/\/www.silvajardim.rj.gov.br\/index.php\/wp-json\/wp\/v2\/users\/1"}],"replies":[{"embeddable":true,"href":"https:\/\/www.silvajardim.rj.gov.br\/index.php\/wp-json\/wp\/v2\/comments?post=11241"}],"version-history":[{"count":0,"href":"https:\/\/www.silvajardim.rj.gov.br\/index.php\/wp-json\/wp\/v2\/posts\/11241\/revisions"}],"wp:featuredmedia":[{"embeddable":true,"href":"https:\/\/www.silvajardim.rj.gov.br\/index.php\/wp-json\/"}],"wp:attachment":[{"href":"https:\/\/www.silvajardim.rj.gov.br\/index.php\/wp-json\/wp\/v2\/media?parent=11241"}],"wp:term":[{"taxonomy":"category","embeddable":true,"href":"https:\/\/www.silvajardim.rj.gov.br\/index.php\/wp-json\/wp\/v2\/categories?post=11241"},{"taxonomy":"post_tag","embeddable":true,"href":"https:\/\/www.silvajardim.rj.gov.br\/index.php\/wp-json\/wp\/v2\/tags?post=11241"}],"curies":[{"name":"wp","href":"https:\/\/api.w.org\/{rel}","templated":true}]}}