{"id":11246,"date":"2019-04-18T19:25:45","date_gmt":"2019-04-18T22:25:45","guid":{"rendered":"http:\/\/www.silvajardim.rj.gov.br\/?p=718"},"modified":"2019-04-18T19:25:45","modified_gmt":"2019-04-18T22:25:45","slug":"prefeitura-inicia-modulo-de-avaliacao-do-pelc-em-silva-jardim","status":"publish","type":"post","link":"https:\/\/www.silvajardim.rj.gov.br\/index.php\/2019\/04\/18\/prefeitura-inicia-modulo-de-avaliacao-do-pelc-em-silva-jardim\/","title":{"rendered":"Prefeitura inicia M\u00f3dulo de Avalia\u00e7\u00e3o do PELC em Silva Jardim"},"content":{"rendered":"\n<figure class=\"wp-block-image\"><img decoding=\"async\" src=\"http:\/\/www.silvajardim.rj.gov.br\/wp-content\/uploads\/2019\/04\/2019.04.18.2.jpg\" alt=\"\" class=\"wp-image-720\" \/><figcaption> <br>A Prefeitura Municipal de Silva Jardim, atrav\u00e9s da Secretaria Municipal de Esporte e Lazer (SEMEL) iniciou na \u00faltima quarta-feira (17), o M\u00f3dulo de Avalia\u00e7\u00e3o II do Programa de Esporte e Lazer da Cidade (PELC). O evento est\u00e1 sendo realizado no Teatro Zez\u00e9 Macedo, no centro da cidade. A Prefeita Cilene participou da abertura do m\u00f3dulo, que contou ainda com a presen\u00e7a de secret\u00e1rios municipais, agentes do programa e alunos. Ao todo, mais de 80 pessoas participaram.<br>O M\u00f3dulo de Avalia\u00e7\u00e3o tem como objetivo calcular a import\u00e2ncia e o alcance do PELC na cidade. Atualmente, o projeto atende 1.205 benefici\u00e1rios semanalmente, oferecendo aulas de dan\u00e7a, como Bal\u00e9 e Zumba, al\u00e9m de esportes como: V\u00f4lei, Futebol, Futsal, entre outros.<br>O evento ter\u00e1 seu encerramento nesta quinta-feira (18), no Teatro Zez\u00e9 Macedo, a partir das 18h. <\/figcaption><\/figure>\n","protected":false},"excerpt":{"rendered":"","protected":false},"author":1,"featured_media":719,"comment_status":"closed","ping_status":"closed","sticky":false,"template":"","format":"standard","meta":{"_mi_skip_tracking":false,"footnotes":""},"categories":[283,273],"tags":[],"class_list":["post-11246","post","type-post","status-publish","format-standard","has-post-thumbnail","hentry","category-esporte-e-lazer","category-prefeitura"],"_links":{"self":[{"href":"https:\/\/www.silvajardim.rj.gov.br\/index.php\/wp-json\/wp\/v2\/posts\/11246","targetHints":{"allow":["GET"]}}],"collection":[{"href":"https:\/\/www.silvajardim.rj.gov.br\/index.php\/wp-json\/wp\/v2\/posts"}],"about":[{"href":"https:\/\/www.silvajardim.rj.gov.br\/index.php\/wp-json\/wp\/v2\/types\/post"}],"author":[{"embeddable":true,"href":"https:\/\/www.silvajardim.rj.gov.br\/index.php\/wp-json\/wp\/v2\/users\/1"}],"replies":[{"embeddable":true,"href":"https:\/\/www.silvajardim.rj.gov.br\/index.php\/wp-json\/wp\/v2\/comments?post=11246"}],"version-history":[{"count":0,"href":"https:\/\/www.silvajardim.rj.gov.br\/index.php\/wp-json\/wp\/v2\/posts\/11246\/revisions"}],"wp:featuredmedia":[{"embeddable":true,"href":"https:\/\/www.silvajardim.rj.gov.br\/index.php\/wp-json\/"}],"wp:attachment":[{"href":"https:\/\/www.silvajardim.rj.gov.br\/index.php\/wp-json\/wp\/v2\/media?parent=11246"}],"wp:term":[{"taxonomy":"category","embeddable":true,"href":"https:\/\/www.silvajardim.rj.gov.br\/index.php\/wp-json\/wp\/v2\/categories?post=11246"},{"taxonomy":"post_tag","embeddable":true,"href":"https:\/\/www.silvajardim.rj.gov.br\/index.php\/wp-json\/wp\/v2\/tags?post=11246"}],"curies":[{"name":"wp","href":"https:\/\/api.w.org\/{rel}","templated":true}]}}