{"id":11251,"date":"2019-04-30T14:56:31","date_gmt":"2019-04-30T17:56:31","guid":{"rendered":"http:\/\/www.silvajardim.rj.gov.br\/?p=764"},"modified":"2019-04-30T14:56:31","modified_gmt":"2019-04-30T17:56:31","slug":"2-sarau-jazz-e-poesia-abre-festividades-em-silva-jardim","status":"publish","type":"post","link":"https:\/\/www.silvajardim.rj.gov.br\/index.php\/2019\/04\/30\/2-sarau-jazz-e-poesia-abre-festividades-em-silva-jardim\/","title":{"rendered":"2\u00b0 Sarau Jazz e Poesia abre Festividades em Silva Jardim"},"content":{"rendered":"\n<figure class=\"wp-block-image\"><img decoding=\"async\" src=\"http:\/\/www.silvajardim.rj.gov.br\/wp-content\/uploads\/2019\/04\/2019.04.30.jpg\" alt=\"\" class=\"wp-image-765\" \/><\/figure>\n\n\n\n<p>\n\nO Centro Cultural Capivari(CCC), realiza a segunda edi\u00e7\u00e3o do projeto Sarau, que acontece dentro da programa\u00e7\u00e3o da festa de anivers\u00e1rio da cidade. O evento ser\u00e1 realizado no jardim do CCC e ter\u00e1 in\u00edcio \u00e0s 18h, com as participa\u00e7\u00f5es de Adilson Robles e Felipe Castro.<br>Al\u00e9m de m\u00fasica, o projeto conta tamb\u00e9m, com exposi\u00e7\u00e3o, artesanato e gastronomia.\n\n<\/p>\n","protected":false},"excerpt":{"rendered":"<p>O Centro Cultural Capivari(CCC), realiza a segunda edi\u00e7\u00e3o do projeto Sarau, que acontece dentro da programa\u00e7\u00e3o da festa de anivers\u00e1rio<\/p>\n","protected":false},"author":1,"featured_media":765,"comment_status":"closed","ping_status":"closed","sticky":false,"template":"","format":"standard","meta":{"_mi_skip_tracking":false,"footnotes":""},"categories":[273,278],"tags":[],"class_list":["post-11251","post","type-post","status-publish","format-standard","has-post-thumbnail","hentry","category-prefeitura","category-turismo"],"_links":{"self":[{"href":"https:\/\/www.silvajardim.rj.gov.br\/index.php\/wp-json\/wp\/v2\/posts\/11251","targetHints":{"allow":["GET"]}}],"collection":[{"href":"https:\/\/www.silvajardim.rj.gov.br\/index.php\/wp-json\/wp\/v2\/posts"}],"about":[{"href":"https:\/\/www.silvajardim.rj.gov.br\/index.php\/wp-json\/wp\/v2\/types\/post"}],"author":[{"embeddable":true,"href":"https:\/\/www.silvajardim.rj.gov.br\/index.php\/wp-json\/wp\/v2\/users\/1"}],"replies":[{"embeddable":true,"href":"https:\/\/www.silvajardim.rj.gov.br\/index.php\/wp-json\/wp\/v2\/comments?post=11251"}],"version-history":[{"count":0,"href":"https:\/\/www.silvajardim.rj.gov.br\/index.php\/wp-json\/wp\/v2\/posts\/11251\/revisions"}],"wp:featuredmedia":[{"embeddable":true,"href":"https:\/\/www.silvajardim.rj.gov.br\/index.php\/wp-json\/"}],"wp:attachment":[{"href":"https:\/\/www.silvajardim.rj.gov.br\/index.php\/wp-json\/wp\/v2\/media?parent=11251"}],"wp:term":[{"taxonomy":"category","embeddable":true,"href":"https:\/\/www.silvajardim.rj.gov.br\/index.php\/wp-json\/wp\/v2\/categories?post=11251"},{"taxonomy":"post_tag","embeddable":true,"href":"https:\/\/www.silvajardim.rj.gov.br\/index.php\/wp-json\/wp\/v2\/tags?post=11251"}],"curies":[{"name":"wp","href":"https:\/\/api.w.org\/{rel}","templated":true}]}}