{"id":11268,"date":"2019-05-09T19:15:05","date_gmt":"2019-05-09T22:15:05","guid":{"rendered":"http:\/\/www.silvajardim.rj.gov.br\/?p=971"},"modified":"2019-05-09T19:15:05","modified_gmt":"2019-05-09T22:15:05","slug":"sessao-solene-e-marcada-por-homenagens-em-silva-jardim","status":"publish","type":"post","link":"https:\/\/www.silvajardim.rj.gov.br\/index.php\/2019\/05\/09\/sessao-solene-e-marcada-por-homenagens-em-silva-jardim\/","title":{"rendered":"Sess\u00e3o Solene \u00e9 marcada por Homenagens em Silva Jardim"},"content":{"rendered":"\n<figure class=\"wp-block-image\"><img decoding=\"async\" src=\"http:\/\/www.silvajardim.rj.gov.br\/wp-content\/uploads\/2019\/05\/09.05.2019.20.jpg\" alt=\"\" class=\"wp-image-972\" \/><\/figure>\n\n\n\n<p>Foi realizada na tarde da \u00faltima quarta-feira (8), a Sess\u00e3o Solene em comemora\u00e7\u00e3o aos 178 anos de emancipa\u00e7\u00e3o pol\u00edtico-administrativa de Silva Jardim. A solenidade foi realizada na C\u00e2mara Municipal e contou com as participa\u00e7\u00f5es da Prefeita Cilene, do Presidente do Legislativo Municipal, Jazimiel Batista, dos oito vereadores que ocupam o legislativo municipal, al\u00e9m dos homenageados e diversos secret\u00e1rios municipais.<\/p>\n\n\n\n<p> A cerim\u00f4nia foi marcada por homenagens emocionantes. Ao todo, mais de 60 pessoas participaram. <\/p>\n\n\n\n<figure class=\"wp-block-image\"><img decoding=\"async\" src=\"http:\/\/www.silvajardim.rj.gov.br\/wp-content\/uploads\/2019\/05\/09.05.2019.21.jpg\" alt=\"\" class=\"wp-image-973\" \/><\/figure>\n","protected":false},"excerpt":{"rendered":"<p>Foi realizada na tarde da \u00faltima quarta-feira (8), a Sess\u00e3o Solene em comemora\u00e7\u00e3o aos 178 anos de emancipa\u00e7\u00e3o pol\u00edtico-administrativa de<\/p>\n","protected":false},"author":1,"featured_media":972,"comment_status":"closed","ping_status":"closed","sticky":false,"template":"","format":"standard","meta":{"_mi_skip_tracking":false,"footnotes":""},"categories":[279,273],"tags":[],"class_list":["post-11268","post","type-post","status-publish","format-standard","has-post-thumbnail","hentry","category-administracao","category-prefeitura"],"_links":{"self":[{"href":"https:\/\/www.silvajardim.rj.gov.br\/index.php\/wp-json\/wp\/v2\/posts\/11268","targetHints":{"allow":["GET"]}}],"collection":[{"href":"https:\/\/www.silvajardim.rj.gov.br\/index.php\/wp-json\/wp\/v2\/posts"}],"about":[{"href":"https:\/\/www.silvajardim.rj.gov.br\/index.php\/wp-json\/wp\/v2\/types\/post"}],"author":[{"embeddable":true,"href":"https:\/\/www.silvajardim.rj.gov.br\/index.php\/wp-json\/wp\/v2\/users\/1"}],"replies":[{"embeddable":true,"href":"https:\/\/www.silvajardim.rj.gov.br\/index.php\/wp-json\/wp\/v2\/comments?post=11268"}],"version-history":[{"count":0,"href":"https:\/\/www.silvajardim.rj.gov.br\/index.php\/wp-json\/wp\/v2\/posts\/11268\/revisions"}],"wp:featuredmedia":[{"embeddable":true,"href":"https:\/\/www.silvajardim.rj.gov.br\/index.php\/wp-json\/"}],"wp:attachment":[{"href":"https:\/\/www.silvajardim.rj.gov.br\/index.php\/wp-json\/wp\/v2\/media?parent=11268"}],"wp:term":[{"taxonomy":"category","embeddable":true,"href":"https:\/\/www.silvajardim.rj.gov.br\/index.php\/wp-json\/wp\/v2\/categories?post=11268"},{"taxonomy":"post_tag","embeddable":true,"href":"https:\/\/www.silvajardim.rj.gov.br\/index.php\/wp-json\/wp\/v2\/tags?post=11268"}],"curies":[{"name":"wp","href":"https:\/\/api.w.org\/{rel}","templated":true}]}}