{"id":11270,"date":"2019-05-10T18:10:09","date_gmt":"2019-05-10T21:10:09","guid":{"rendered":"http:\/\/www.silvajardim.rj.gov.br\/?p=980"},"modified":"2019-05-10T18:10:09","modified_gmt":"2019-05-10T21:10:09","slug":"torneio-intermunicipal-de-futevolei-e-realizado-em-silva-jardim","status":"publish","type":"post","link":"https:\/\/www.silvajardim.rj.gov.br\/index.php\/2019\/05\/10\/torneio-intermunicipal-de-futevolei-e-realizado-em-silva-jardim\/","title":{"rendered":"Torneio Intermunicipal de Futev\u00f4lei \u00e9 realizado em Silva Jardim"},"content":{"rendered":"\n<figure class=\"wp-block-image\"><img decoding=\"async\" src=\"http:\/\/www.silvajardim.rj.gov.br\/wp-content\/uploads\/2019\/05\/10.05.2019.4.jpg\" alt=\"\" class=\"wp-image-981\" \/><\/figure>\n\n\n\n<p>A Prefeitura de Silva Jardim, atrav\u00e9s da Secretaria Municipal de Esporte e Lazer (SEMEL), realizou na noite da \u00faltima quinta-feira (9), o Torneio Intermunicipal de Futev\u00f4lei, na quadra de areia, ao lado do Gin\u00e1sio Poliesportivo Jorge Mendon\u00e7a. O evento fez parte do cronograma de a\u00e7\u00f5es que est\u00e3o sendo realizadas no munic\u00edpio em comemora\u00e7\u00e3o aos 178 anos de emancipa\u00e7\u00e3o pol\u00edtico-administrativa de Silva Jardim.<\/p>\n\n\n\n<p>A disputa foi na categoria masculina adulta, onde um atleta da cidade formou dupla com um atleta profissional de munic\u00edpios vizinhos, que foram convidados. O torneio teve premia\u00e7\u00f5es para 1\u00ba, 2\u00ba e 3\u00ba colocados. Um bom p\u00fablico prestigiou o evento. Ao todo, mais de 100 pessoas participaram.<\/p>\n\n\n\n<p>Na grande decis\u00e3o, a dupla Chor\u00e3o e Tat\u00e1 sagrou-se campe\u00e3 do torneio ap\u00f3s vencer a dupla B\u00ea e Lipe pelo placar de 18 a 13. O pr\u00eamio de terceiro lugar ficou com a dupla Paleta e Josemar.<\/p>\n\n\n\n<p>RESULTADOS DO TORNEIO:<\/p>\n\n\n\n<p>FASE PRELIMINAR<\/p>\n\n\n\n<p>1\u00ba JOGO: Chor\u00e3o\/Tat\u00e1 18&#215;12 Marquinho\/Gui<br>2\u00ba JOGO: Wender\/Sul\u00ea 06&#215;18 B\u00ea\/Lipe<br>3\u00ba JOGO: Japa\/Artur 18&#215;10 Julinho\/Rodrgo<br>4\u00ba JOGO: Pastor\/Dodo 18&#215;16 Bruno\/Hugo<br>5\u00ba JOGO: Ari\/Jackson 18&#215;16 Paleta\/Josemar<br>6\u00ba JOGO: Tinho\/Fantico 18&#215;14 Thiago\/Caio<\/p>\n\n\n\n<p>QUARTAS DE FINAL<\/p>\n\n\n\n<p>1\u00ba JOGO: Paleta\/Josemar 18&#215;06 Bruno\/Hugo<br>2\u00ba JOGO: Chor\u00e3o\/Tat\u00e1 18&#215;16 Pastor\/Dodo<br>3\u00ba JOGO: Ari\/Jackson 18&#215;20 Japa\/Artur<br>4\u00ba JOGO: B\u00ea\/Lipe 18&#215;10 Tinho\/Fantico<\/p>\n\n\n\n<p>SEMIFINAIS<\/p>\n\n\n\n<p>B\u00ea\/Lipe 18&#215;13 Paleta\/Josemar<br>Chor\u00e3o\/Tat\u00e1 18&#215;10 Japa\/Artur<\/p>\n\n\n\n<p>FINAL<\/p>\n\n\n\n<p>Chor\u00e3o\/Tat\u00e1 18&#215;13 B\u00ea\/Lipe<\/p>\n\n\n\n<figure class=\"wp-block-image\"><img decoding=\"async\" src=\"http:\/\/www.silvajardim.rj.gov.br\/wp-content\/uploads\/2019\/05\/10.05.2019.6.jpg\" alt=\"\" class=\"wp-image-983\" \/><\/figure>\n\n\n\n<figure class=\"wp-block-image\"><img decoding=\"async\" src=\"http:\/\/www.silvajardim.rj.gov.br\/wp-content\/uploads\/2019\/05\/10.05.2019.5.jpg\" alt=\"\" class=\"wp-image-982\" \/><\/figure>\n","protected":false},"excerpt":{"rendered":"<p>A Prefeitura de Silva Jardim, atrav\u00e9s da Secretaria Municipal de Esporte e Lazer (SEMEL), realizou na noite da \u00faltima quinta-feira<\/p>\n","protected":false},"author":1,"featured_media":981,"comment_status":"closed","ping_status":"closed","sticky":false,"template":"","format":"standard","meta":{"_mi_skip_tracking":false,"footnotes":""},"categories":[283,273],"tags":[],"class_list":["post-11270","post","type-post","status-publish","format-standard","has-post-thumbnail","hentry","category-esporte-e-lazer","category-prefeitura"],"_links":{"self":[{"href":"https:\/\/www.silvajardim.rj.gov.br\/index.php\/wp-json\/wp\/v2\/posts\/11270","targetHints":{"allow":["GET"]}}],"collection":[{"href":"https:\/\/www.silvajardim.rj.gov.br\/index.php\/wp-json\/wp\/v2\/posts"}],"about":[{"href":"https:\/\/www.silvajardim.rj.gov.br\/index.php\/wp-json\/wp\/v2\/types\/post"}],"author":[{"embeddable":true,"href":"https:\/\/www.silvajardim.rj.gov.br\/index.php\/wp-json\/wp\/v2\/users\/1"}],"replies":[{"embeddable":true,"href":"https:\/\/www.silvajardim.rj.gov.br\/index.php\/wp-json\/wp\/v2\/comments?post=11270"}],"version-history":[{"count":0,"href":"https:\/\/www.silvajardim.rj.gov.br\/index.php\/wp-json\/wp\/v2\/posts\/11270\/revisions"}],"wp:featuredmedia":[{"embeddable":true,"href":"https:\/\/www.silvajardim.rj.gov.br\/index.php\/wp-json\/"}],"wp:attachment":[{"href":"https:\/\/www.silvajardim.rj.gov.br\/index.php\/wp-json\/wp\/v2\/media?parent=11270"}],"wp:term":[{"taxonomy":"category","embeddable":true,"href":"https:\/\/www.silvajardim.rj.gov.br\/index.php\/wp-json\/wp\/v2\/categories?post=11270"},{"taxonomy":"post_tag","embeddable":true,"href":"https:\/\/www.silvajardim.rj.gov.br\/index.php\/wp-json\/wp\/v2\/tags?post=11270"}],"curies":[{"name":"wp","href":"https:\/\/api.w.org\/{rel}","templated":true}]}}