{"id":11287,"date":"2019-05-24T11:03:51","date_gmt":"2019-05-24T14:03:51","guid":{"rendered":"https:\/\/www.silvajardim.rj.gov.br\/?p=1122"},"modified":"2019-05-24T11:03:51","modified_gmt":"2019-05-24T14:03:51","slug":"oficina-de-introducao-a-fotografia-no-centro-cultural-capivari-ccc","status":"publish","type":"post","link":"https:\/\/www.silvajardim.rj.gov.br\/index.php\/2019\/05\/24\/oficina-de-introducao-a-fotografia-no-centro-cultural-capivari-ccc\/","title":{"rendered":"Oficina de Introdu\u00e7\u00e3o a Fotografia no CCC &#8211; Centro Cultural Capivari"},"content":{"rendered":"\n<figure class=\"wp-block-image\"><img decoding=\"async\" src=\"https:\/\/www.silvajardim.rj.gov.br\/wp-content\/uploads\/2019\/05\/IMG_6480-1024x683.jpg\" alt=\"\" class=\"wp-image-1123\"\/><\/figure>\n\n\n\n<p class=\"texto-justificado\">A oficina de introdu\u00e7\u00e3o a fotografia, ministrada pelo fot\u00f3grafo local, Luiz Thiago, foi um sucesso! Mais de 30 pessoas participaram da palestra, que aconteceu no Centro Cultural Capivari (CCC). Alunos da rede p\u00fablica e moradores, participaram do evento. O diretor de Cultura, Humberto Ramon, falou sobre o projeto. \u201cA oficina de Introdu\u00e7\u00e3o a fotografia do Luiz Thiago faz parte da sequ\u00eancia de oficinas que ir\u00e3o acontecer no Centro Cultural Capivari e \u00e9 com satisfa\u00e7\u00e3o que abrimos as portas deste espa\u00e7o para as mais variadas manifesta\u00e7\u00f5es culturais. As oficinas acontecem com o intuito incentivar novos talentos, apresentar novas t\u00e9cnicas por meio do compartilhamento de experi\u00eancias, fomentar os seguimentos em nossa cidade e oferecer para a popula\u00e7\u00e3o a oportunidade de acesso aos valores art\u00edsticos e hist\u00f3ricos de Silva Jardim por meio das exposi\u00e7\u00f5es. \u201d  O secret\u00e1rio de Turismo e Cultura, Felipe Rocha, tamb\u00e9m falou da import\u00e2ncia da oficina. \u201cValorizar a prata da casa \u00e9 um dos nossos compromissos. O maior bem de Silva Jardim, \u00e9 o povo desta cidade, e diga-se de passagem, s\u00e3o muitos talentos em diversas \u00e1reas. A orienta\u00e7\u00e3o da Prefeita Cilene, \u00e9 que a\u00e7\u00f5es de fomento da produ\u00e7\u00e3o cultural, sejam consolidadas no Munic\u00edpio. \u201d <\/p>\n\n\n\n<p>A palestra foi uma realiza\u00e7\u00e3o da Secretaria de Turismo e Cultura. <\/p>\n\n\n\n<figure class=\"wp-block-image\"><img decoding=\"async\" src=\"https:\/\/www.silvajardim.rj.gov.br\/wp-content\/uploads\/2019\/05\/IMG_6470-1024x683.jpg\" alt=\"\" class=\"wp-image-1125\"\/><\/figure>\n\n\n\n<figure class=\"wp-block-image\"><img decoding=\"async\" src=\"https:\/\/www.silvajardim.rj.gov.br\/wp-content\/uploads\/2019\/05\/IMG_6476-1024x683.jpg\" alt=\"\" class=\"wp-image-1124\"\/><\/figure>\n","protected":false},"excerpt":{"rendered":"<p>A oficina de introdu\u00e7\u00e3o a fotografia, ministrada pelo fot\u00f3grafo local, Luiz Thiago, foi um sucesso! Mais de 30 pessoas participaram<\/p>\n","protected":false},"author":1,"featured_media":1126,"comment_status":"closed","ping_status":"closed","sticky":false,"template":"","format":"standard","meta":{"_mi_skip_tracking":false,"footnotes":""},"categories":[273,278],"tags":[],"class_list":["post-11287","post","type-post","status-publish","format-standard","has-post-thumbnail","hentry","category-prefeitura","category-turismo"],"_links":{"self":[{"href":"https:\/\/www.silvajardim.rj.gov.br\/index.php\/wp-json\/wp\/v2\/posts\/11287","targetHints":{"allow":["GET"]}}],"collection":[{"href":"https:\/\/www.silvajardim.rj.gov.br\/index.php\/wp-json\/wp\/v2\/posts"}],"about":[{"href":"https:\/\/www.silvajardim.rj.gov.br\/index.php\/wp-json\/wp\/v2\/types\/post"}],"author":[{"embeddable":true,"href":"https:\/\/www.silvajardim.rj.gov.br\/index.php\/wp-json\/wp\/v2\/users\/1"}],"replies":[{"embeddable":true,"href":"https:\/\/www.silvajardim.rj.gov.br\/index.php\/wp-json\/wp\/v2\/comments?post=11287"}],"version-history":[{"count":0,"href":"https:\/\/www.silvajardim.rj.gov.br\/index.php\/wp-json\/wp\/v2\/posts\/11287\/revisions"}],"wp:featuredmedia":[{"embeddable":true,"href":"https:\/\/www.silvajardim.rj.gov.br\/index.php\/wp-json\/"}],"wp:attachment":[{"href":"https:\/\/www.silvajardim.rj.gov.br\/index.php\/wp-json\/wp\/v2\/media?parent=11287"}],"wp:term":[{"taxonomy":"category","embeddable":true,"href":"https:\/\/www.silvajardim.rj.gov.br\/index.php\/wp-json\/wp\/v2\/categories?post=11287"},{"taxonomy":"post_tag","embeddable":true,"href":"https:\/\/www.silvajardim.rj.gov.br\/index.php\/wp-json\/wp\/v2\/tags?post=11287"}],"curies":[{"name":"wp","href":"https:\/\/api.w.org\/{rel}","templated":true}]}}