{"id":11296,"date":"2019-05-29T17:08:18","date_gmt":"2019-05-29T20:08:18","guid":{"rendered":"https:\/\/www.silvajardim.rj.gov.br\/?p=1173"},"modified":"2019-05-29T17:08:18","modified_gmt":"2019-05-29T20:08:18","slug":"secretaria-de-esporte-e-lazer-promove-o-dia-do-brincar-em-silva-jardim","status":"publish","type":"post","link":"https:\/\/www.silvajardim.rj.gov.br\/index.php\/2019\/05\/29\/secretaria-de-esporte-e-lazer-promove-o-dia-do-brincar-em-silva-jardim\/","title":{"rendered":"Secretaria de Esporte e Lazer promove o \u201cDia do Brincar\u201d em Silva Jardim"},"content":{"rendered":"\n<figure class=\"wp-block-image\"><img decoding=\"async\" src=\"https:\/\/www.silvajardim.rj.gov.br\/wp-content\/uploads\/2019\/05\/16BF34E5-6676-4B55-8D2F-F0CB7CFAE1B1.jpeg\" alt=\"\" class=\"wp-image-1174\"\/><\/figure>\n\n\n\n<p class=\"texto-justificado\">\nA Prefeitura de Silva Jardim, atrav\u00e9s da Secretaria Municipal de Esporte\n e Lazer, em parceria com a Secretaria Municipal de Educa\u00e7\u00e3o, promoveu \nna \u00faltima ter\u00e7a-feira (28), uma s\u00e9rie de atividades com os alunos das \nturmas de Educa\u00e7\u00e3o Infantil da Escola Municipal Omar Faria Alfradique, \nque fica localizada no bairro Cidade Nova. As atividades foram \nrealizadas no Gin\u00e1sio Poliesportivo Jorge Mendon\u00e7a. Ao todo, mais de 70 \ncrian\u00e7as participaram.<br> O \nSubsecret\u00e1rio Municipal de Esporte e Lazer, Luiz Evandro (Juninho \nPeruca), falou sobre a iniciativa e agradeceu a parceria com a \nSecretaria de Educa\u00e7\u00e3o. \u201cEstamos iniciando esse projeto do Dia do \nBrincar no munic\u00edpio. Atividades l\u00fadicas e a psicomotricidade est\u00e3o \nsendo realizadas e s\u00e3o fundamentais para o desenvolvimento das nossas \ncrian\u00e7as. Gostaria de agradecer a Secret\u00e1ria de Educa\u00e7\u00e3o, K\u00e1tia Passos, e\n a Educadora, Danieli Rodrigues, al\u00e9m de toda a Secretaria de Educa\u00e7\u00e3o \npelo apoio nesse projeto\u201d, finalizou o subsecret\u00e1rio.\n\n<\/p>\n\n\n\n<figure class=\"wp-block-image\"><img decoding=\"async\" src=\"https:\/\/www.silvajardim.rj.gov.br\/wp-content\/uploads\/2019\/05\/484BD913-AB10-47CC-93C1-73DFF8AABC1C.jpeg\" alt=\"\" class=\"wp-image-1177\"\/><\/figure>\n\n\n\n<figure class=\"wp-block-image\"><img decoding=\"async\" src=\"https:\/\/www.silvajardim.rj.gov.br\/wp-content\/uploads\/2019\/05\/C6F2A056-3022-492E-854A-0871780F58A6-1024x683.jpeg\" alt=\"\" class=\"wp-image-1176\"\/><\/figure>\n\n\n\n<figure class=\"wp-block-image\"><img decoding=\"async\" src=\"https:\/\/www.silvajardim.rj.gov.br\/wp-content\/uploads\/2019\/05\/9523FA02-A3B8-487B-91DF-80BBF76E38F6-1024x683.jpeg\" alt=\"\" class=\"wp-image-1175\"\/><\/figure>\n","protected":false},"excerpt":{"rendered":"<p>A Prefeitura de Silva Jardim, atrav\u00e9s da Secretaria Municipal de Esporte e Lazer, em parceria com a Secretaria Municipal de<\/p>\n","protected":false},"author":1,"featured_media":1174,"comment_status":"closed","ping_status":"closed","sticky":false,"template":"","format":"standard","meta":{"_mi_skip_tracking":false,"footnotes":""},"categories":[283,273],"tags":[],"class_list":["post-11296","post","type-post","status-publish","format-standard","has-post-thumbnail","hentry","category-esporte-e-lazer","category-prefeitura"],"_links":{"self":[{"href":"https:\/\/www.silvajardim.rj.gov.br\/index.php\/wp-json\/wp\/v2\/posts\/11296","targetHints":{"allow":["GET"]}}],"collection":[{"href":"https:\/\/www.silvajardim.rj.gov.br\/index.php\/wp-json\/wp\/v2\/posts"}],"about":[{"href":"https:\/\/www.silvajardim.rj.gov.br\/index.php\/wp-json\/wp\/v2\/types\/post"}],"author":[{"embeddable":true,"href":"https:\/\/www.silvajardim.rj.gov.br\/index.php\/wp-json\/wp\/v2\/users\/1"}],"replies":[{"embeddable":true,"href":"https:\/\/www.silvajardim.rj.gov.br\/index.php\/wp-json\/wp\/v2\/comments?post=11296"}],"version-history":[{"count":0,"href":"https:\/\/www.silvajardim.rj.gov.br\/index.php\/wp-json\/wp\/v2\/posts\/11296\/revisions"}],"wp:featuredmedia":[{"embeddable":true,"href":"https:\/\/www.silvajardim.rj.gov.br\/index.php\/wp-json\/"}],"wp:attachment":[{"href":"https:\/\/www.silvajardim.rj.gov.br\/index.php\/wp-json\/wp\/v2\/media?parent=11296"}],"wp:term":[{"taxonomy":"category","embeddable":true,"href":"https:\/\/www.silvajardim.rj.gov.br\/index.php\/wp-json\/wp\/v2\/categories?post=11296"},{"taxonomy":"post_tag","embeddable":true,"href":"https:\/\/www.silvajardim.rj.gov.br\/index.php\/wp-json\/wp\/v2\/tags?post=11296"}],"curies":[{"name":"wp","href":"https:\/\/api.w.org\/{rel}","templated":true}]}}