{"id":11304,"date":"2019-06-01T13:32:16","date_gmt":"2019-06-01T16:32:16","guid":{"rendered":"https:\/\/www.silvajardim.rj.gov.br\/?p=1232"},"modified":"2019-06-01T13:32:16","modified_gmt":"2019-06-01T16:32:16","slug":"silva-jardim-recebe-curso-de-capacitacao-do-samu","status":"publish","type":"post","link":"https:\/\/www.silvajardim.rj.gov.br\/index.php\/2019\/06\/01\/silva-jardim-recebe-curso-de-capacitacao-do-samu\/","title":{"rendered":"Silva Jardim recebe Curso de Capacita\u00e7\u00e3o do SAMU"},"content":{"rendered":"\n<figure class=\"wp-block-image\"><img decoding=\"async\" src=\"https:\/\/www.silvajardim.rj.gov.br\/wp-content\/uploads\/2019\/06\/1AF46C5F-E01A-4080-A421-95487D89688C-1024x682.jpeg\" alt=\"\" class=\"wp-image-1233\"\/><\/figure>\n\n\n\n<p class=\"texto-justificado\">\nFoi realizado na \u00faltima sexta-feira (31), no Teatro Zez\u00e9 Macedo, um \ncurso de capacita\u00e7\u00e3o para os t\u00e9cnicos de enfermagem e condutores do \nServi\u00e7o de Assist\u00eancia M\u00f3vel de Urg\u00eancia (SAMU). A palestra foi \nministrada pelo T\u00e9cnico de Enfermagem, Jos\u00e9 Henriques Neto, que faz \nparte da Coordena\u00e7\u00e3o de Capacita\u00e7\u00e3o do Servi\u00e7o de Assist\u00eancia M\u00f3vel de \nUrg\u00eancia (SAMU), da Regi\u00e3o Metropolitana II. Um dos temas tratados no \ntreinamento foi \u00e0 imobiliza\u00e7\u00e3o de coluna. Ao todo, mais de 30 pessoas \nparticiparam.<br> A Secret\u00e1ria \nMunicipal de Sa\u00fade e Assist\u00eancia Social, Vanessa Pintas, esteve presente\n e comentou sobre o curso. \u201cHoje, recebemos no nosso munic\u00edpio um curso \nde capacita\u00e7\u00e3o do SAMU. Esse tipo de curso \u00e9 realizado todos os meses, \nem diversos munic\u00edpios do Estado, e nesse m\u00eas conseguimos traz\u00ea-lo para \nSilva Jardim. O objetivo foi tornar mais f\u00e1cil a participa\u00e7\u00e3o da equipe \nque mora no munic\u00edpio, al\u00e9m de capacitar, cada vez mais, os nossos \nprofissionais\u201d, finalizou a secret\u00e1ria.\n\n<\/p>\n\n\n\n<figure class=\"wp-block-image\"><img decoding=\"async\" src=\"https:\/\/www.silvajardim.rj.gov.br\/wp-content\/uploads\/2019\/06\/24ECE091-1C70-486C-A499-68A6F79CC588-1024x682.jpeg\" alt=\"\" class=\"wp-image-1234\"\/><\/figure>\n\n\n\n<figure class=\"wp-block-image\"><img decoding=\"async\" src=\"https:\/\/www.silvajardim.rj.gov.br\/wp-content\/uploads\/2019\/06\/DDED1451-CDDE-469D-AC2D-0AE80F7E2492-1024x682.jpeg\" alt=\"\" class=\"wp-image-1235\"\/><\/figure>\n","protected":false},"excerpt":{"rendered":"<p>Foi realizado na \u00faltima sexta-feira (31), no Teatro Zez\u00e9 Macedo, um curso de capacita\u00e7\u00e3o para os t\u00e9cnicos de enfermagem e<\/p>\n","protected":false},"author":1,"featured_media":1236,"comment_status":"closed","ping_status":"closed","sticky":false,"template":"","format":"standard","meta":{"_mi_skip_tracking":false,"footnotes":""},"categories":[273,275],"tags":[],"class_list":["post-11304","post","type-post","status-publish","format-standard","has-post-thumbnail","hentry","category-prefeitura","category-saude"],"_links":{"self":[{"href":"https:\/\/www.silvajardim.rj.gov.br\/index.php\/wp-json\/wp\/v2\/posts\/11304","targetHints":{"allow":["GET"]}}],"collection":[{"href":"https:\/\/www.silvajardim.rj.gov.br\/index.php\/wp-json\/wp\/v2\/posts"}],"about":[{"href":"https:\/\/www.silvajardim.rj.gov.br\/index.php\/wp-json\/wp\/v2\/types\/post"}],"author":[{"embeddable":true,"href":"https:\/\/www.silvajardim.rj.gov.br\/index.php\/wp-json\/wp\/v2\/users\/1"}],"replies":[{"embeddable":true,"href":"https:\/\/www.silvajardim.rj.gov.br\/index.php\/wp-json\/wp\/v2\/comments?post=11304"}],"version-history":[{"count":0,"href":"https:\/\/www.silvajardim.rj.gov.br\/index.php\/wp-json\/wp\/v2\/posts\/11304\/revisions"}],"wp:featuredmedia":[{"embeddable":true,"href":"https:\/\/www.silvajardim.rj.gov.br\/index.php\/wp-json\/"}],"wp:attachment":[{"href":"https:\/\/www.silvajardim.rj.gov.br\/index.php\/wp-json\/wp\/v2\/media?parent=11304"}],"wp:term":[{"taxonomy":"category","embeddable":true,"href":"https:\/\/www.silvajardim.rj.gov.br\/index.php\/wp-json\/wp\/v2\/categories?post=11304"},{"taxonomy":"post_tag","embeddable":true,"href":"https:\/\/www.silvajardim.rj.gov.br\/index.php\/wp-json\/wp\/v2\/tags?post=11304"}],"curies":[{"name":"wp","href":"https:\/\/api.w.org\/{rel}","templated":true}]}}