{"id":11308,"date":"2019-06-03T13:25:44","date_gmt":"2019-06-03T16:25:44","guid":{"rendered":"https:\/\/www.silvajardim.rj.gov.br\/?p=1292"},"modified":"2019-06-03T13:25:44","modified_gmt":"2019-06-03T16:25:44","slug":"2-edicao-da-feira-de-antiguidades-na-praca-amaral-peixoto","status":"publish","type":"post","link":"https:\/\/www.silvajardim.rj.gov.br\/index.php\/2019\/06\/03\/2-edicao-da-feira-de-antiguidades-na-praca-amaral-peixoto\/","title":{"rendered":"2\u00b0 Edi\u00e7\u00e3o da Feira de Antiguidades na Pra\u00e7a Amaral Peixoto"},"content":{"rendered":"\n<figure class=\"wp-block-image\"><img decoding=\"async\" src=\"https:\/\/www.silvajardim.rj.gov.br\/wp-content\/uploads\/2019\/06\/44E8C96D-B70B-4C21-8C58-855F83BCCB43.jpeg\" alt=\"\" class=\"wp-image-1293\"\/><\/figure>\n\n\n\n<p class=\"texto-justificado\">Com o sucesso da 1\u00b0 Edi\u00e7\u00e3o, a Prefeitura Municipal de Silva Jardim, atrav\u00e9s da Secretaria Municipal de Turismo e Cultura, vai realizar no dia 08 de Junho, a 2\u00b0 Feira de Antiguidades, na Pra\u00e7a Amaral Peixoto, no Centro.<br> A Feira \u00e9 uma \u00f3tima oportunidade para quem tem interesse em comprar, vender ou trocar produtos antigos e colecion\u00e1veis. Os produtos estar\u00e3o expostos a partir das 08 horas. <\/p>\n\n\n\n<p>A Feira ser\u00e1 realizada todo segundo s\u00e1bado do m\u00eas.<\/p>\n\n\n<p><!--EndFragment--><\/p>","protected":false},"excerpt":{"rendered":"<p>Com o sucesso da 1\u00b0 Edi\u00e7\u00e3o, a Prefeitura Municipal de Silva Jardim, atrav\u00e9s da Secretaria Municipal de Turismo e Cultura,<\/p>\n","protected":false},"author":1,"featured_media":1293,"comment_status":"closed","ping_status":"closed","sticky":false,"template":"","format":"standard","meta":{"_mi_skip_tracking":false,"footnotes":""},"categories":[273,278],"tags":[],"class_list":["post-11308","post","type-post","status-publish","format-standard","has-post-thumbnail","hentry","category-prefeitura","category-turismo"],"_links":{"self":[{"href":"https:\/\/www.silvajardim.rj.gov.br\/index.php\/wp-json\/wp\/v2\/posts\/11308","targetHints":{"allow":["GET"]}}],"collection":[{"href":"https:\/\/www.silvajardim.rj.gov.br\/index.php\/wp-json\/wp\/v2\/posts"}],"about":[{"href":"https:\/\/www.silvajardim.rj.gov.br\/index.php\/wp-json\/wp\/v2\/types\/post"}],"author":[{"embeddable":true,"href":"https:\/\/www.silvajardim.rj.gov.br\/index.php\/wp-json\/wp\/v2\/users\/1"}],"replies":[{"embeddable":true,"href":"https:\/\/www.silvajardim.rj.gov.br\/index.php\/wp-json\/wp\/v2\/comments?post=11308"}],"version-history":[{"count":0,"href":"https:\/\/www.silvajardim.rj.gov.br\/index.php\/wp-json\/wp\/v2\/posts\/11308\/revisions"}],"wp:featuredmedia":[{"embeddable":true,"href":"https:\/\/www.silvajardim.rj.gov.br\/index.php\/wp-json\/"}],"wp:attachment":[{"href":"https:\/\/www.silvajardim.rj.gov.br\/index.php\/wp-json\/wp\/v2\/media?parent=11308"}],"wp:term":[{"taxonomy":"category","embeddable":true,"href":"https:\/\/www.silvajardim.rj.gov.br\/index.php\/wp-json\/wp\/v2\/categories?post=11308"},{"taxonomy":"post_tag","embeddable":true,"href":"https:\/\/www.silvajardim.rj.gov.br\/index.php\/wp-json\/wp\/v2\/tags?post=11308"}],"curies":[{"name":"wp","href":"https:\/\/api.w.org\/{rel}","templated":true}]}}