{"id":11320,"date":"2019-06-07T17:07:37","date_gmt":"2019-06-07T20:07:37","guid":{"rendered":"https:\/\/www.silvajardim.rj.gov.br\/?p=1460"},"modified":"2019-06-07T17:07:37","modified_gmt":"2019-06-07T20:07:37","slug":"silva-jardim-participa-do-iii-workshop-da-regional-metropolitana-com-gestores-municipais-de-defesa-civil","status":"publish","type":"post","link":"https:\/\/www.silvajardim.rj.gov.br\/index.php\/2019\/06\/07\/silva-jardim-participa-do-iii-workshop-da-regional-metropolitana-com-gestores-municipais-de-defesa-civil\/","title":{"rendered":"Silva Jardim participa do III Workshop da Regional Metropolitana com Gestores Municipais de Defesa Civil"},"content":{"rendered":"\n<figure class=\"wp-block-image\"><img decoding=\"async\" src=\"https:\/\/www.silvajardim.rj.gov.br\/wp-content\/uploads\/2019\/06\/77BE3A0A-1362-420C-B506-4C6CB550709F-1024x527.jpeg\" alt=\"\" class=\"wp-image-1461\" \/><figcaption> Aconteceu na \u00faltima quarta-feira (5), o III Workshop da Regional Metropolitana com Gestores Municipais de Defesa Civil. O evento foi realizado no Audit\u00f3rio da Sede da Defesa Civil Municipal de S\u00e3o Gon\u00e7alo, localizado no Shopping S\u00e3o Gon\u00e7alo. A a\u00e7\u00e3o contou com a presen\u00e7a de diversas organiza\u00e7\u00f5es como, ag\u00eancias municipais de Defesa Civil, Secretaria Municipal de Desenvolvimento Social, Unidades de Bombeiros Militares, Universidades e Cruz Vermelha, al\u00e9m de volunt\u00e1rios de Defesa Civil. Mais de 100 profissionais dos munic\u00edpios de S\u00e3o Gon\u00e7alo, Rio Bonito, Tangu\u00e1, Itabora\u00ed, Maric\u00e1 e Silva Jardim participaram da programa\u00e7\u00e3o.<br> A proposta do workshop foi discutir e aprimorar o uso da ferramenta SIGRE (Sistema de Gerenciamento de Recursos e Eventos), que facilitar\u00e1 ao gestor municipal o cadastro e o georreferenciamento de ag\u00eancias, recursos, \u00e1reas de risco e estruturas em risco, mantendo um cadastro de informa\u00e7\u00f5es fundamentais, sobretudo para respostas \u00e0s demandas da rede de articula\u00e7\u00e3o que atua junto \u00e0 Defesa Civil em a\u00e7\u00f5es de calamidade p\u00fablica.<br> O Coordenador Municipal de Defesa Civil, Ronilson Santos, falou sobre o objetivo do Workshop. \u201cO objetivo desse workshop \u00e9 padronizar as ferramentas que foram disponibilizadas pelo estado, com o intuito de manter um padr\u00e3o em todos os munic\u00edpios. A Defesa Civil de Silva Jardim, com a finalidade de instruir com as novas ferramentas, vai aprimorar a busca de recursos e capacita\u00e7\u00e3o para os gestores e agentes, com o objetivo de padroniza\u00e7\u00e3o e melhoria do atendimento a popula\u00e7\u00e3o\u201d, finalizou o coordenador.<br> O munic\u00edpio de Silva Jardim foi representado pelo Coordenador Municipal de Defesa Civil, Ronilson Santos, pelo Subcoordenador Municipal de Defesa Civil, Augusto C\u00e9sar, e pelo Diretor Administrativo, Renan Crespo.<\/figcaption><\/figure>\n\n\n\n<ul class=\"wp-block-gallery columns-1 is-cropped wp-block-gallery-1 is-layout-flex wp-block-gallery-is-layout-flex\"><li class=\"blocks-gallery-item\"><figure><img decoding=\"async\" src=\"https:\/\/www.silvajardim.rj.gov.br\/wp-content\/uploads\/2019\/06\/2272F015-E3BB-44CB-9EB4-078BC0B3A300-1024x768.jpeg\" alt=\"\" data-id=\"1462\" data-link=\"https:\/\/www.silvajardim.rj.gov.br\/?attachment_id=1462\" class=\"wp-image-1462\" \/><\/figure><\/li><\/ul>\n","protected":false},"excerpt":{"rendered":"","protected":false},"author":1,"featured_media":1461,"comment_status":"closed","ping_status":"closed","sticky":false,"template":"","format":"standard","meta":{"_mi_skip_tracking":false,"footnotes":""},"categories":[285,273],"tags":[],"class_list":["post-11320","post","type-post","status-publish","format-standard","has-post-thumbnail","hentry","category-defesa-civil","category-prefeitura"],"_links":{"self":[{"href":"https:\/\/www.silvajardim.rj.gov.br\/index.php\/wp-json\/wp\/v2\/posts\/11320","targetHints":{"allow":["GET"]}}],"collection":[{"href":"https:\/\/www.silvajardim.rj.gov.br\/index.php\/wp-json\/wp\/v2\/posts"}],"about":[{"href":"https:\/\/www.silvajardim.rj.gov.br\/index.php\/wp-json\/wp\/v2\/types\/post"}],"author":[{"embeddable":true,"href":"https:\/\/www.silvajardim.rj.gov.br\/index.php\/wp-json\/wp\/v2\/users\/1"}],"replies":[{"embeddable":true,"href":"https:\/\/www.silvajardim.rj.gov.br\/index.php\/wp-json\/wp\/v2\/comments?post=11320"}],"version-history":[{"count":0,"href":"https:\/\/www.silvajardim.rj.gov.br\/index.php\/wp-json\/wp\/v2\/posts\/11320\/revisions"}],"wp:featuredmedia":[{"embeddable":true,"href":"https:\/\/www.silvajardim.rj.gov.br\/index.php\/wp-json\/"}],"wp:attachment":[{"href":"https:\/\/www.silvajardim.rj.gov.br\/index.php\/wp-json\/wp\/v2\/media?parent=11320"}],"wp:term":[{"taxonomy":"category","embeddable":true,"href":"https:\/\/www.silvajardim.rj.gov.br\/index.php\/wp-json\/wp\/v2\/categories?post=11320"},{"taxonomy":"post_tag","embeddable":true,"href":"https:\/\/www.silvajardim.rj.gov.br\/index.php\/wp-json\/wp\/v2\/tags?post=11320"}],"curies":[{"name":"wp","href":"https:\/\/api.w.org\/{rel}","templated":true}]}}