{"id":11324,"date":"2019-06-10T15:28:52","date_gmt":"2019-06-10T18:28:52","guid":{"rendered":"https:\/\/www.silvajardim.rj.gov.br\/?p=1481"},"modified":"2019-06-10T15:28:52","modified_gmt":"2019-06-10T18:28:52","slug":"o-secretario-de-turismo-felipe-rocha-vai-santa-catarina-em-busca-de-parcerias-e-desenvolvimento-para-silva-jardim","status":"publish","type":"post","link":"https:\/\/www.silvajardim.rj.gov.br\/index.php\/2019\/06\/10\/o-secretario-de-turismo-felipe-rocha-vai-santa-catarina-em-busca-de-parcerias-e-desenvolvimento-para-silva-jardim\/","title":{"rendered":"O Secret\u00e1rio de Turismo, Felipe Rocha, vai a Santa Catarina em busca de Parcerias e Desenvolvimento para Silva Jardim"},"content":{"rendered":"\n<figure class=\"wp-block-image\"><img decoding=\"async\" src=\"https:\/\/www.silvajardim.rj.gov.br\/wp-content\/uploads\/2019\/06\/694C36AC-7F1B-4A05-8263-2FD46AAB75CD-1024x682.jpeg\" alt=\"\" class=\"wp-image-1483\"\/><\/figure>\n\n\n\n<p class=\"texto-justificado\">\nNa \u00faltima semana, o Secret\u00e1rio de Turismo e Cultura, Felipe Rocha, \nviajou para a cidade de Timb\u00f3, Santa Catarina, com uma agenda repleta de\n atividades, visando o desenvolvimento e o fomento do turismo da nossa \ncidade.<br> A cidade de Timb\u00f3, que fica\n no Sul do Pa\u00eds, assim como Silva Jardim, possui uma extensa \u00e1rea verde,\n com reservas e parques e sua economia gira em torno do turismo local e \nda agricultura.<br> Entre as atividades do Secret\u00e1rio, podemos citar: <br> Visita a ag\u00eancia de turismo de receptivo, que opera o passeio de bicicletas e caminhadas do Biketour. <br> Reuni\u00e3o com o diretor executivo Fernando Tomaseli, do cons\u00f3rcio Intermunicipal do M\u00e9dio Vale Itaja\u00ed.<br>\n Reuni\u00e3o com o prefeito de Timb\u00f3, Jorge Kruger, com a presidente da \nInst\u00e2ncia de Governan\u00e7a da Regi\u00e3o Tur\u00edstica Vale Europeu e presidente do\n Conselho Intermunicipal de Cultura, Esporte e Turismo, Cintia Mara \nPanini e com o Presidente da Funda\u00e7\u00e3o de Turismo e Cultura, Jorge \nFerreira.<br> Visita T\u00e9cnica ao roteiro de cicloturismo que \u00e9 refer\u00eancia Nacional e engloba 14 munic\u00edpios e trekking do Vale Europeu. <br>\n O secret\u00e1rio Felipe Rocha tamb\u00e9m participou de v\u00e1rios programas, ocupou\n a m\u00eddia local, e aproveitou a oportunidade, para destacar o potencial \ntur\u00edstico de Silva Jardim e o empenho da Prefeita Cilene, no \ndesenvolvimento deste setor. Em sua participa\u00e7\u00e3o na r\u00e1dio local 92 FM, \nFelipe destacou que \u201c A cidade de Silva Jardim, no Rio de Janeiro, est\u00e1 \ngeograficamente em uma posi\u00e7\u00e3o privilegiada e estrat\u00e9gica. Temos uma \nPrefeita muito atenta ao vasto potencial do setor. A determina\u00e7\u00e3o dela \u00e9\n que atrav\u00e9s do Turismo, oportunidades de neg\u00f3cios sejam criadas para \natrair mais turistas, seja com eventos ou projetos ligados \u00e0 \ngastronomia, \u00e0 cultura, \u00e0 m\u00fasica regional, entre tantas outras ofertas. \nTemos a sorte de ter uma gestora que reconhece que a m\u00e1quina do turismo \u00e9\n muito forte, movimenta a economia, gera receita, trabalho e renda\u201d.<br>\n Felipe conclui enaltecendo a cordialidade com que foi recebido e \ndestacando que o primeiro passo de um projeto tur\u00edstico respons\u00e1vel, \u00e9 o\n preparo da comunidade para acolher o turista, portanto, Silva Jardim j\u00e1\n possui o maior patrim\u00f4nio que uma cidade pode ter, um povo bom e \nacolhedor.\n\n<\/p>\n\n\n\n<figure class=\"wp-block-image\"><img decoding=\"async\" src=\"https:\/\/www.silvajardim.rj.gov.br\/wp-content\/uploads\/2019\/06\/A1CCFCDC-EBAD-4FBB-A972-E4E24ED643B6.jpeg\" alt=\"\" class=\"wp-image-1484\"\/><\/figure>\n\n\n\n<ul class=\"wp-block-gallery columns-0 is-cropped wp-block-gallery-1 is-layout-flex wp-block-gallery-is-layout-flex\"><\/ul>\n\n\n\n<figure class=\"wp-block-image\"><img decoding=\"async\" src=\"https:\/\/www.silvajardim.rj.gov.br\/wp-content\/uploads\/2019\/06\/1CAF472F-A837-43C2-893A-3CB1112D9E1D-1024x576.jpeg\" alt=\"\" class=\"wp-image-1486\"\/><\/figure>\n\n\n\n<figure class=\"wp-block-image\"><img decoding=\"async\" src=\"https:\/\/www.silvajardim.rj.gov.br\/wp-content\/uploads\/2019\/06\/FBB8F93B-7C8A-4BFA-9015-E83D565BF196-1024x768.jpeg\" alt=\"\" class=\"wp-image-1482\"\/><\/figure>\n\n\n\n<ul class=\"wp-block-gallery columns-0 is-cropped wp-block-gallery-2 is-layout-flex wp-block-gallery-is-layout-flex\"><\/ul>\n","protected":false},"excerpt":{"rendered":"<p>Na \u00faltima semana, o Secret\u00e1rio de Turismo e Cultura, Felipe Rocha, viajou para a cidade de Timb\u00f3, Santa Catarina, com<\/p>\n","protected":false},"author":1,"featured_media":1483,"comment_status":"closed","ping_status":"closed","sticky":false,"template":"","format":"standard","meta":{"_mi_skip_tracking":false,"footnotes":""},"categories":[273,278],"tags":[],"class_list":["post-11324","post","type-post","status-publish","format-standard","has-post-thumbnail","hentry","category-prefeitura","category-turismo"],"_links":{"self":[{"href":"https:\/\/www.silvajardim.rj.gov.br\/index.php\/wp-json\/wp\/v2\/posts\/11324","targetHints":{"allow":["GET"]}}],"collection":[{"href":"https:\/\/www.silvajardim.rj.gov.br\/index.php\/wp-json\/wp\/v2\/posts"}],"about":[{"href":"https:\/\/www.silvajardim.rj.gov.br\/index.php\/wp-json\/wp\/v2\/types\/post"}],"author":[{"embeddable":true,"href":"https:\/\/www.silvajardim.rj.gov.br\/index.php\/wp-json\/wp\/v2\/users\/1"}],"replies":[{"embeddable":true,"href":"https:\/\/www.silvajardim.rj.gov.br\/index.php\/wp-json\/wp\/v2\/comments?post=11324"}],"version-history":[{"count":0,"href":"https:\/\/www.silvajardim.rj.gov.br\/index.php\/wp-json\/wp\/v2\/posts\/11324\/revisions"}],"wp:featuredmedia":[{"embeddable":true,"href":"https:\/\/www.silvajardim.rj.gov.br\/index.php\/wp-json\/"}],"wp:attachment":[{"href":"https:\/\/www.silvajardim.rj.gov.br\/index.php\/wp-json\/wp\/v2\/media?parent=11324"}],"wp:term":[{"taxonomy":"category","embeddable":true,"href":"https:\/\/www.silvajardim.rj.gov.br\/index.php\/wp-json\/wp\/v2\/categories?post=11324"},{"taxonomy":"post_tag","embeddable":true,"href":"https:\/\/www.silvajardim.rj.gov.br\/index.php\/wp-json\/wp\/v2\/tags?post=11324"}],"curies":[{"name":"wp","href":"https:\/\/api.w.org\/{rel}","templated":true}]}}