{"id":11337,"date":"2019-06-20T14:39:15","date_gmt":"2019-06-20T17:39:15","guid":{"rendered":"https:\/\/www.silvajardim.rj.gov.br\/?p=1590"},"modified":"2019-06-20T14:39:15","modified_gmt":"2019-06-20T17:39:15","slug":"celebracao-de-corpos-christi-tem-confeccao-de-tapetes-de-sal-em-silva-jardim","status":"publish","type":"post","link":"https:\/\/www.silvajardim.rj.gov.br\/index.php\/2019\/06\/20\/celebracao-de-corpos-christi-tem-confeccao-de-tapetes-de-sal-em-silva-jardim\/","title":{"rendered":"Celebra\u00e7\u00e3o de Corpos Christi tem Confec\u00e7\u00e3o de Tapetes de Sal em Silva Jardim"},"content":{"rendered":"\n<figure class=\"wp-block-image\"><img decoding=\"async\" src=\"https:\/\/www.silvajardim.rj.gov.br\/wp-content\/uploads\/2019\/06\/F03E78F4-90DA-495C-801A-D072CD2D4BA3-1024x682.jpeg\" alt=\"\" class=\"wp-image-1593\"\/><figcaption> <\/figcaption><\/figure>\n\n\n\n<p class=\"texto-justificado\">\nAconteceu na manh\u00e3 desta quinta-feira (20), a tradicional confec\u00e7\u00e3o dos \ntapetes de sal com temas eucar\u00edsticos, em Silva Jardim. Mais de 200 \npessoas participaram da prepara\u00e7\u00e3o que foi feita ao longo da Rua Luiz \nGomes, terminando na subida que da acesso a Par\u00f3quia Nossa Senhora da \nLapa, no centro da cidade. Ao todo, 89 tapetes foram confeccionados. A \ntradi\u00e7\u00e3o cat\u00f3lica recria desenhos com mensagens crist\u00e3s e marca o \ncaminho percorrido pelas prociss\u00f5es.<br>\n O Administrador Paroquial de Silva Jardim, Pe. Willians Mar, falou \nsobre a celebra\u00e7\u00e3o de Corpus Christi e agradeceu o apoio da Prefeitura. \n\u201cPodemos ver ao longo do dia, as pessoas empenhadas na confec\u00e7\u00e3o dos \ntapetes, um tanto art\u00edstico, mas que remete algo que est\u00e1 acima. S\u00e3o \ngestos de carinho. E com certeza, gra\u00e7as abundantes vir\u00e3o como um \nretorno sobre a vida de todos. Corpus Christi \u00e9 celebrado n\u00e3o s\u00f3 em \nSilva Jardim, e sim, por todo o Brasil e em todo o mundo. A cidade \u00e9 \nbeneficiada de alguma forma, espiritualmente. Gra\u00e7as s\u00e3o derramadas \nsobre o munic\u00edpio, sobre as fam\u00edlias e sobre todos. Queremos agradecer o\n apoio da Prefeitura de Silva Jardim na estrutura e montagem do palco, \nal\u00e9m do fornecimento do sal e da areia, para a confec\u00e7\u00e3o dos tapetes\u201d, \nfinalizou o Padre.<br> A Festa de \nCorpus Christi foi institu\u00edda pelo Papa Urbano IV, no dia 8 de Setembro \nde 1264 e acontece sempre 60 dias depois do Domingo de P\u00e1scoa ou na \nquinta-feira seguinte ao domingo da Sant\u00edssima Trindade, em alus\u00e3o \u00e0 \nquinta-feira santa quando Jesus instituiu o sacramento da eucaristia. \nCorpus Christi significa Corpo de Cristo. \u00c9 uma festa religiosa que tem \npor objetivo celebrar o mist\u00e9rio da eucaristia, o sacramento do corpo e \ndo sangue de Jesus Cristo.<br> A \nsolenidade contar\u00e1 ainda com uma Santa Missa Campal, \u00e0s 19h, no palco \nmontado no centro da cidade, seguida de uma Prociss\u00e3o, encerrando a \ncelebra\u00e7\u00e3o de Corpus Christi. O evento \u00e9 realizado com o apoio da \nPrefeitura Municipal de Silva Jardim.<br> (Fotos: Lucas Rocha)\n\n<\/p>\n\n\n\n<figure class=\"wp-block-image\"><img decoding=\"async\" src=\"https:\/\/www.silvajardim.rj.gov.br\/wp-content\/uploads\/2019\/06\/4787613D-9D82-4824-9E3C-5F4BF3C22DED-1024x682.jpeg\" alt=\"\" class=\"wp-image-1591\"\/><\/figure>\n\n\n\n<figure class=\"wp-block-image\"><img decoding=\"async\" src=\"https:\/\/www.silvajardim.rj.gov.br\/wp-content\/uploads\/2019\/06\/C1A299E0-EC96-47F6-8A2A-F6A2578A6BD8-1024x682.jpeg\" alt=\"\" class=\"wp-image-1592\"\/><\/figure>\n\n\n\n<figure class=\"wp-block-image\"><img decoding=\"async\" src=\"https:\/\/www.silvajardim.rj.gov.br\/wp-content\/uploads\/2019\/06\/FB89B161-885C-4D11-A866-7E64E7CFEEF0-1024x682.jpeg\" alt=\"\" class=\"wp-image-1594\"\/><\/figure>\n\n\n\n<figure class=\"wp-block-image\"><img decoding=\"async\" src=\"https:\/\/www.silvajardim.rj.gov.br\/wp-content\/uploads\/2019\/06\/88040017-0FEE-4F6D-98D7-6188A0DABA74-1024x682.jpeg\" alt=\"\" class=\"wp-image-1595\"\/><\/figure>\n","protected":false},"excerpt":{"rendered":"<p>Aconteceu na manh\u00e3 desta quinta-feira (20), a tradicional confec\u00e7\u00e3o dos tapetes de sal com temas eucar\u00edsticos, em Silva Jardim. Mais<\/p>\n","protected":false},"author":1,"featured_media":1593,"comment_status":"closed","ping_status":"closed","sticky":false,"template":"","format":"standard","meta":{"_mi_skip_tracking":false,"footnotes":""},"categories":[273,278],"tags":[],"class_list":["post-11337","post","type-post","status-publish","format-standard","has-post-thumbnail","hentry","category-prefeitura","category-turismo"],"_links":{"self":[{"href":"https:\/\/www.silvajardim.rj.gov.br\/index.php\/wp-json\/wp\/v2\/posts\/11337","targetHints":{"allow":["GET"]}}],"collection":[{"href":"https:\/\/www.silvajardim.rj.gov.br\/index.php\/wp-json\/wp\/v2\/posts"}],"about":[{"href":"https:\/\/www.silvajardim.rj.gov.br\/index.php\/wp-json\/wp\/v2\/types\/post"}],"author":[{"embeddable":true,"href":"https:\/\/www.silvajardim.rj.gov.br\/index.php\/wp-json\/wp\/v2\/users\/1"}],"replies":[{"embeddable":true,"href":"https:\/\/www.silvajardim.rj.gov.br\/index.php\/wp-json\/wp\/v2\/comments?post=11337"}],"version-history":[{"count":0,"href":"https:\/\/www.silvajardim.rj.gov.br\/index.php\/wp-json\/wp\/v2\/posts\/11337\/revisions"}],"wp:featuredmedia":[{"embeddable":true,"href":"https:\/\/www.silvajardim.rj.gov.br\/index.php\/wp-json\/"}],"wp:attachment":[{"href":"https:\/\/www.silvajardim.rj.gov.br\/index.php\/wp-json\/wp\/v2\/media?parent=11337"}],"wp:term":[{"taxonomy":"category","embeddable":true,"href":"https:\/\/www.silvajardim.rj.gov.br\/index.php\/wp-json\/wp\/v2\/categories?post=11337"},{"taxonomy":"post_tag","embeddable":true,"href":"https:\/\/www.silvajardim.rj.gov.br\/index.php\/wp-json\/wp\/v2\/tags?post=11337"}],"curies":[{"name":"wp","href":"https:\/\/api.w.org\/{rel}","templated":true}]}}