{"id":11343,"date":"2019-06-26T16:28:39","date_gmt":"2019-06-26T19:28:39","guid":{"rendered":"https:\/\/www.silvajardim.rj.gov.br\/?p=1631"},"modified":"2019-06-26T16:28:39","modified_gmt":"2019-06-26T19:28:39","slug":"prefeita-cilene-busca-melhorias-junto-ao-presidente-do-der-rj","status":"publish","type":"post","link":"https:\/\/www.silvajardim.rj.gov.br\/index.php\/2019\/06\/26\/prefeita-cilene-busca-melhorias-junto-ao-presidente-do-der-rj\/","title":{"rendered":"Prefeita Cilene busca melhorias junto ao Presidente do DER-RJ"},"content":{"rendered":"\n<figure class=\"wp-block-image\"><img decoding=\"async\" src=\"https:\/\/www.silvajardim.rj.gov.br\/wp-content\/uploads\/2019\/06\/6E5AF175-04C9-4BBE-AC45-ABF0AB43D981-1024x768.jpeg\" alt=\"\" class=\"wp-image-1633\" \/><figcaption>Cumprindo agenda de busca de desenvolvimento para o munic\u00edpio, a Prefeita Cilene esteve reunida com o Presidente do Departamento de Estradas de Rodagem (DER-RJ), Uruan Cintra de Andrade, no Rio de Janeiro, na tarde de ontem (25).<br> A Prefeita deu in\u00edcio ao cronograma de reuni\u00f5es atrav\u00e9s de solicita\u00e7\u00e3o feita \u00e0 chefia de gabinete do Governador Wilson Witzel, na semana passada (18), onde foi recebida pelo pr\u00f3prio Governador.<br> A pauta da reuni\u00e3o foi a manuten\u00e7\u00e3o e melhoria da RJ-140, que possui 70 km de extens\u00e3o e liga o munic\u00edpio de Arraial do Cabo ao distrito de Correntezas, em Silva Jardim, e a RJ-126, que liga o Munic\u00edpio de Cachoeiras de Macacu a Silva Jardim, que ainda necessita de processo licitat\u00f3rio.<br> O Presidente destacou que j\u00e1 h\u00e1 um cronograma montado para o in\u00edcio das obras e que os servi\u00e7os programados s\u00e3o:<br> Recupera\u00e7\u00e3o das Pontes;<br> Recapear a estrada;<br> Sinaliza\u00e7\u00e3o; <br> Na ocasi\u00e3o, o Presidente tamb\u00e9m apresentou o programa da EMATER, \u201cCaminhos do Produtor\u201d, que estar\u00e1 implantado em nossa regi\u00e3o, beneficiando nossa cidade e pediu que fosse firmado essa parceria, para elabora\u00e7\u00e3o de conv\u00eanios de manilhas e asfaltos, realizando uma coopera\u00e7\u00e3o t\u00e9cnica para conseguir o material.<br> &#8220;Fomos muito bem recebidos pelo presidente Uruam, o que demonstra a import\u00e2ncia que nossa regi\u00e3o tem para o governo do Estado. Buscar melhorias para nossas estradas \u00e9 umas das prioridades do Governo. As estradas RJ-140 e RJ-126, que cortam nosso munic\u00edpio, s\u00e3o importantes vias para o escoamento da produ\u00e7\u00e3o e interligam nossa regi\u00e3o. Manter boas condi\u00e7\u00f5es destas vias, \u00e9 fundamental, inclusive na garantia da seguran\u00e7a das pessoas que a utilizam. Tenho certeza que a partir dessa reuni\u00e3o, nosso munic\u00edpio ser\u00e1 alcan\u00e7ado pelas melhorias que solicitamos\u201d.<br> A Prefeita ainda cumprir\u00e1 mais uma s\u00e9rie de reuni\u00f5es em busca de melhorias.<\/figcaption><\/figure>\n\n\n\n<figure class=\"wp-block-image\"><img decoding=\"async\" src=\"https:\/\/www.silvajardim.rj.gov.br\/wp-content\/uploads\/2019\/06\/553F2178-ED40-45A2-9C21-54538F5D6316-1024x768.jpeg\" alt=\"\" class=\"wp-image-1632\" \/><\/figure>\n\n\n\n<figure class=\"wp-block-image\"><img decoding=\"async\" src=\"https:\/\/www.silvajardim.rj.gov.br\/wp-content\/uploads\/2019\/06\/CB58774F-DDA7-4B6E-8069-2F7363AB8D76-1024x768.jpeg\" alt=\"\" class=\"wp-image-1634\" \/><\/figure>\n","protected":false},"excerpt":{"rendered":"","protected":false},"author":1,"featured_media":1632,"comment_status":"closed","ping_status":"closed","sticky":false,"template":"","format":"standard","meta":{"_mi_skip_tracking":false,"footnotes":""},"categories":[279,273],"tags":[],"class_list":["post-11343","post","type-post","status-publish","format-standard","has-post-thumbnail","hentry","category-administracao","category-prefeitura"],"_links":{"self":[{"href":"https:\/\/www.silvajardim.rj.gov.br\/index.php\/wp-json\/wp\/v2\/posts\/11343","targetHints":{"allow":["GET"]}}],"collection":[{"href":"https:\/\/www.silvajardim.rj.gov.br\/index.php\/wp-json\/wp\/v2\/posts"}],"about":[{"href":"https:\/\/www.silvajardim.rj.gov.br\/index.php\/wp-json\/wp\/v2\/types\/post"}],"author":[{"embeddable":true,"href":"https:\/\/www.silvajardim.rj.gov.br\/index.php\/wp-json\/wp\/v2\/users\/1"}],"replies":[{"embeddable":true,"href":"https:\/\/www.silvajardim.rj.gov.br\/index.php\/wp-json\/wp\/v2\/comments?post=11343"}],"version-history":[{"count":0,"href":"https:\/\/www.silvajardim.rj.gov.br\/index.php\/wp-json\/wp\/v2\/posts\/11343\/revisions"}],"wp:featuredmedia":[{"embeddable":true,"href":"https:\/\/www.silvajardim.rj.gov.br\/index.php\/wp-json\/"}],"wp:attachment":[{"href":"https:\/\/www.silvajardim.rj.gov.br\/index.php\/wp-json\/wp\/v2\/media?parent=11343"}],"wp:term":[{"taxonomy":"category","embeddable":true,"href":"https:\/\/www.silvajardim.rj.gov.br\/index.php\/wp-json\/wp\/v2\/categories?post=11343"},{"taxonomy":"post_tag","embeddable":true,"href":"https:\/\/www.silvajardim.rj.gov.br\/index.php\/wp-json\/wp\/v2\/tags?post=11343"}],"curies":[{"name":"wp","href":"https:\/\/api.w.org\/{rel}","templated":true}]}}