{"id":11353,"date":"2019-07-02T11:24:00","date_gmt":"2019-07-02T14:24:00","guid":{"rendered":"https:\/\/www.silvajardim.rj.gov.br\/?p=1695"},"modified":"2019-07-02T11:24:00","modified_gmt":"2019-07-02T14:24:00","slug":"comunicado-transporte-universitario","status":"publish","type":"post","link":"https:\/\/www.silvajardim.rj.gov.br\/index.php\/2019\/07\/02\/comunicado-transporte-universitario\/","title":{"rendered":"Comunicado &#8211; Transporte Universit\u00e1rio"},"content":{"rendered":"\n<figure class=\"wp-block-image\"><img decoding=\"async\" src=\"https:\/\/www.silvajardim.rj.gov.br\/wp-content\/uploads\/2019\/07\/E70D3078-13EE-4DD6-B4DA-F04B82ECA45F-1024x744.jpeg\" alt=\"\" class=\"wp-image-1696\"\/><\/figure>\n\n\n\n<p class=\"texto-justificado\">\nAten\u00e7\u00e3o Universit\u00e1rios! Anotem os hor\u00e1rios para a renova\u00e7\u00e3o\/inscri\u00e7\u00e3o da Carteirinha do \u00d4nibus Universit\u00e1rio.\n\n<\/p>\n","protected":false},"excerpt":{"rendered":"<p>Aten\u00e7\u00e3o Universit\u00e1rios! Anotem os hor\u00e1rios para a renova\u00e7\u00e3o\/inscri\u00e7\u00e3o da Carteirinha do \u00d4nibus Universit\u00e1rio.<\/p>\n","protected":false},"author":1,"featured_media":1696,"comment_status":"closed","ping_status":"closed","sticky":false,"template":"","format":"standard","meta":{"_mi_skip_tracking":false,"footnotes":""},"categories":[286,273],"tags":[],"class_list":["post-11353","post","type-post","status-publish","format-standard","has-post-thumbnail","hentry","category-educacao","category-prefeitura"],"_links":{"self":[{"href":"https:\/\/www.silvajardim.rj.gov.br\/index.php\/wp-json\/wp\/v2\/posts\/11353","targetHints":{"allow":["GET"]}}],"collection":[{"href":"https:\/\/www.silvajardim.rj.gov.br\/index.php\/wp-json\/wp\/v2\/posts"}],"about":[{"href":"https:\/\/www.silvajardim.rj.gov.br\/index.php\/wp-json\/wp\/v2\/types\/post"}],"author":[{"embeddable":true,"href":"https:\/\/www.silvajardim.rj.gov.br\/index.php\/wp-json\/wp\/v2\/users\/1"}],"replies":[{"embeddable":true,"href":"https:\/\/www.silvajardim.rj.gov.br\/index.php\/wp-json\/wp\/v2\/comments?post=11353"}],"version-history":[{"count":0,"href":"https:\/\/www.silvajardim.rj.gov.br\/index.php\/wp-json\/wp\/v2\/posts\/11353\/revisions"}],"wp:featuredmedia":[{"embeddable":true,"href":"https:\/\/www.silvajardim.rj.gov.br\/index.php\/wp-json\/"}],"wp:attachment":[{"href":"https:\/\/www.silvajardim.rj.gov.br\/index.php\/wp-json\/wp\/v2\/media?parent=11353"}],"wp:term":[{"taxonomy":"category","embeddable":true,"href":"https:\/\/www.silvajardim.rj.gov.br\/index.php\/wp-json\/wp\/v2\/categories?post=11353"},{"taxonomy":"post_tag","embeddable":true,"href":"https:\/\/www.silvajardim.rj.gov.br\/index.php\/wp-json\/wp\/v2\/tags?post=11353"}],"curies":[{"name":"wp","href":"https:\/\/api.w.org\/{rel}","templated":true}]}}