{"id":11356,"date":"2019-07-04T14:24:37","date_gmt":"2019-07-04T17:24:37","guid":{"rendered":"https:\/\/www.silvajardim.rj.gov.br\/?p=1708"},"modified":"2019-07-04T14:24:37","modified_gmt":"2019-07-04T17:24:37","slug":"sarau-das-artes-e-adiado-devido-a-possibilidade-de-mau-tempo","status":"publish","type":"post","link":"https:\/\/www.silvajardim.rj.gov.br\/index.php\/2019\/07\/04\/sarau-das-artes-e-adiado-devido-a-possibilidade-de-mau-tempo\/","title":{"rendered":"Sarau das Artes \u00e9 adiado devido a possibilidade de Mau Tempo"},"content":{"rendered":"\n<figure class=\"wp-block-image\"><img decoding=\"async\" src=\"https:\/\/www.silvajardim.rj.gov.br\/wp-content\/uploads\/2019\/07\/386EFCF7-C39B-46A1-A3BD-45942735B930.jpeg\" alt=\"\" class=\"wp-image-1709\"\/><\/figure>\n\n\n\n<p class=\"texto-justificado\">\nA Prefeitura de Silva Jardim, atrav\u00e9s da Secretaria Municipal de Turismo\n e Cultura, pensando no bem-estar da popula\u00e7\u00e3o, optou por adiar o Sarau \ndas Artes, que aconteceria nesta sexta-feira (5), no Centro Cultural \nCapivari, devido \u00e0 possibilidade de mau tempo no munic\u00edpio. De acordo \ncom os organizadores, o evento foi remarcado e ser\u00e1 realizado na \nsexta-feira da semana seguinte, no dia 12 de julho.\n\n<\/p>\n","protected":false},"excerpt":{"rendered":"<p>A Prefeitura de Silva Jardim, atrav\u00e9s da Secretaria Municipal de Turismo e Cultura, pensando no bem-estar da popula\u00e7\u00e3o, optou por<\/p>\n","protected":false},"author":1,"featured_media":1709,"comment_status":"closed","ping_status":"closed","sticky":false,"template":"","format":"standard","meta":{"_mi_skip_tracking":false,"footnotes":""},"categories":[273,278],"tags":[],"class_list":["post-11356","post","type-post","status-publish","format-standard","has-post-thumbnail","hentry","category-prefeitura","category-turismo"],"_links":{"self":[{"href":"https:\/\/www.silvajardim.rj.gov.br\/index.php\/wp-json\/wp\/v2\/posts\/11356","targetHints":{"allow":["GET"]}}],"collection":[{"href":"https:\/\/www.silvajardim.rj.gov.br\/index.php\/wp-json\/wp\/v2\/posts"}],"about":[{"href":"https:\/\/www.silvajardim.rj.gov.br\/index.php\/wp-json\/wp\/v2\/types\/post"}],"author":[{"embeddable":true,"href":"https:\/\/www.silvajardim.rj.gov.br\/index.php\/wp-json\/wp\/v2\/users\/1"}],"replies":[{"embeddable":true,"href":"https:\/\/www.silvajardim.rj.gov.br\/index.php\/wp-json\/wp\/v2\/comments?post=11356"}],"version-history":[{"count":0,"href":"https:\/\/www.silvajardim.rj.gov.br\/index.php\/wp-json\/wp\/v2\/posts\/11356\/revisions"}],"wp:featuredmedia":[{"embeddable":true,"href":"https:\/\/www.silvajardim.rj.gov.br\/index.php\/wp-json\/"}],"wp:attachment":[{"href":"https:\/\/www.silvajardim.rj.gov.br\/index.php\/wp-json\/wp\/v2\/media?parent=11356"}],"wp:term":[{"taxonomy":"category","embeddable":true,"href":"https:\/\/www.silvajardim.rj.gov.br\/index.php\/wp-json\/wp\/v2\/categories?post=11356"},{"taxonomy":"post_tag","embeddable":true,"href":"https:\/\/www.silvajardim.rj.gov.br\/index.php\/wp-json\/wp\/v2\/tags?post=11356"}],"curies":[{"name":"wp","href":"https:\/\/api.w.org\/{rel}","templated":true}]}}