{"id":11358,"date":"2019-07-05T13:52:16","date_gmt":"2019-07-05T16:52:16","guid":{"rendered":"https:\/\/www.silvajardim.rj.gov.br\/?p=1737"},"modified":"2019-07-05T13:52:16","modified_gmt":"2019-07-05T16:52:16","slug":"operacao-de-combate-ao-crime-ambiental-e-realizada-em-silva-jardim","status":"publish","type":"post","link":"https:\/\/www.silvajardim.rj.gov.br\/index.php\/2019\/07\/05\/operacao-de-combate-ao-crime-ambiental-e-realizada-em-silva-jardim\/","title":{"rendered":"Opera\u00e7\u00e3o de Combate ao Crime Ambiental \u00e9 realizada em Silva Jardim"},"content":{"rendered":"\n<figure class=\"wp-block-image\"><img decoding=\"async\" src=\"https:\/\/www.silvajardim.rj.gov.br\/wp-content\/uploads\/2019\/07\/E26F3FAD-C4A4-4977-B014-3FB14CB3032C-1024x683.jpeg\" alt=\"\" class=\"wp-image-1738\" \/><figcaption> A Prefeitura de Silva Jardim, atrav\u00e9s da Secretaria Municipal de Seguran\u00e7a P\u00fablica, visando a preserva\u00e7\u00e3o do Meio Ambiente, procedeu na tarde da \u00faltima quarta-feira (3), uma opera\u00e7\u00e3o para averiguar uma den\u00fancia de desmatamento e loteamento irregular, na Rua Santa Rita, localizada no Morro do S\u00e3o Carlos, na Cidade Nova. No local, a equipe constatou a irregularidade e qualificou uma testemunha que confirmou a invas\u00e3o e o desmatamento irregular.<br> Em seguida, ap\u00f3s receber outra den\u00fancia an\u00f4nima de crime ambiental, a equipe se dirigiu ao Horto Municipal, onde flagrou uma retro escavadeira fazendo a retirada de material para aterro irregular em um local interditado pela justi\u00e7a. A guarni\u00e7\u00e3o encaminhou os respons\u00e1veis at\u00e9 a 120\u00aa DP, localizada no munic\u00edpio, para serem tomadas as medidas necess\u00e1rias.<br> A opera\u00e7\u00e3o teve como objetivo fiscalizar e inibir as irregularidades ambientais no munic\u00edpio. A a\u00e7\u00e3o foi realizada pela Secretaria Municipal de Seguran\u00e7a P\u00fablica, em conjunto com a Pol\u00edcia Ambiental e a Pol\u00edcia Militar. O Secret\u00e1rio Municipal de Seguran\u00e7a P\u00fablica, Denilson Mendes, participou das abordagens.<\/figcaption><\/figure>\n\n\n\n<figure class=\"wp-block-image\"><img decoding=\"async\" src=\"https:\/\/www.silvajardim.rj.gov.br\/wp-content\/uploads\/2019\/07\/8DDBF6C8-02BE-47ED-8B16-C1C1976E2DCB-1024x683.jpeg\" alt=\"\" class=\"wp-image-1739\" \/><\/figure>\n\n\n\n<figure class=\"wp-block-image\"><img decoding=\"async\" src=\"https:\/\/www.silvajardim.rj.gov.br\/wp-content\/uploads\/2019\/07\/5058EE4E-FE2A-4622-AAC2-2AADF8AC9E89-1024x683.jpeg\" alt=\"\" class=\"wp-image-1740\" \/><\/figure>\n\n\n\n<figure class=\"wp-block-image\"><img decoding=\"async\" src=\"https:\/\/www.silvajardim.rj.gov.br\/wp-content\/uploads\/2019\/07\/E9118E5A-92AC-4417-BC24-D8620E438FBF-1024x683.jpeg\" alt=\"\" class=\"wp-image-1741\" \/><\/figure>\n","protected":false},"excerpt":{"rendered":"","protected":false},"author":1,"featured_media":1738,"comment_status":"closed","ping_status":"closed","sticky":false,"template":"","format":"standard","meta":{"_mi_skip_tracking":false,"footnotes":""},"categories":[273,280],"tags":[],"class_list":["post-11358","post","type-post","status-publish","format-standard","has-post-thumbnail","hentry","category-prefeitura","category-seguranca-publica"],"_links":{"self":[{"href":"https:\/\/www.silvajardim.rj.gov.br\/index.php\/wp-json\/wp\/v2\/posts\/11358","targetHints":{"allow":["GET"]}}],"collection":[{"href":"https:\/\/www.silvajardim.rj.gov.br\/index.php\/wp-json\/wp\/v2\/posts"}],"about":[{"href":"https:\/\/www.silvajardim.rj.gov.br\/index.php\/wp-json\/wp\/v2\/types\/post"}],"author":[{"embeddable":true,"href":"https:\/\/www.silvajardim.rj.gov.br\/index.php\/wp-json\/wp\/v2\/users\/1"}],"replies":[{"embeddable":true,"href":"https:\/\/www.silvajardim.rj.gov.br\/index.php\/wp-json\/wp\/v2\/comments?post=11358"}],"version-history":[{"count":0,"href":"https:\/\/www.silvajardim.rj.gov.br\/index.php\/wp-json\/wp\/v2\/posts\/11358\/revisions"}],"wp:featuredmedia":[{"embeddable":true,"href":"https:\/\/www.silvajardim.rj.gov.br\/index.php\/wp-json\/"}],"wp:attachment":[{"href":"https:\/\/www.silvajardim.rj.gov.br\/index.php\/wp-json\/wp\/v2\/media?parent=11358"}],"wp:term":[{"taxonomy":"category","embeddable":true,"href":"https:\/\/www.silvajardim.rj.gov.br\/index.php\/wp-json\/wp\/v2\/categories?post=11358"},{"taxonomy":"post_tag","embeddable":true,"href":"https:\/\/www.silvajardim.rj.gov.br\/index.php\/wp-json\/wp\/v2\/tags?post=11358"}],"curies":[{"name":"wp","href":"https:\/\/api.w.org\/{rel}","templated":true}]}}