{"id":11363,"date":"2019-07-06T21:25:35","date_gmt":"2019-07-07T00:25:35","guid":{"rendered":"https:\/\/www.silvajardim.rj.gov.br\/?p=1773"},"modified":"2019-07-06T21:25:35","modified_gmt":"2019-07-07T00:25:35","slug":"seguranca-publica-e-transporte-sao-pautas-de-reuniao-com-os-deputados-estaduais","status":"publish","type":"post","link":"https:\/\/www.silvajardim.rj.gov.br\/index.php\/2019\/07\/06\/seguranca-publica-e-transporte-sao-pautas-de-reuniao-com-os-deputados-estaduais\/","title":{"rendered":"Seguran\u00e7a P\u00fablica e Transporte s\u00e3o pautas de Reuni\u00e3o com os Deputados Estaduais"},"content":{"rendered":"\n<figure class=\"wp-block-image\"><img decoding=\"async\" src=\"https:\/\/www.silvajardim.rj.gov.br\/wp-content\/uploads\/2019\/07\/19FABC70-3FD4-4D10-BCA1-4E2670D9DF8A.jpeg\" alt=\"\" class=\"wp-image-1777\" \/><figcaption>Em cumprimento de mais uma reuni\u00e3o de sua agenda em Bras\u00edlia. A Prefeita Cilene, na \u00faltima quarta-feira(03), reuniu-se com o Deputado Federal Sargento Gurgel, com quem a Prefeita, pediu apoio na seguran\u00e7a P\u00fablica, onde obteve total apoio e aten\u00e7\u00e3o.<br> Ap\u00f3s, a Prefeita tamb\u00e9m se reuniu com o Deputado Federal Gelson Azevedo, que \u00e9 membro da Comiss\u00e3o Permanente de Via\u00e7\u00e3o e Transporte, a pauta da reuni\u00e3o, foi o fortalecimento e a manuten\u00e7\u00e3o da frota pr\u00f3pria e interlocu\u00e7\u00e3o com as empresas que operam o transporte para os munic\u00edpios da regi\u00e3o at\u00e9 a Capital.<br> A Prefeita retornou a cidade na \u00faltima quinta-feira (04), e bem confiante nos cumprimentos das metas  que estavam sendo tra\u00e7adas nas reuni\u00f5es.<\/figcaption><\/figure>\n\n\n\n<figure class=\"wp-block-image\"><img decoding=\"async\" src=\"https:\/\/www.silvajardim.rj.gov.br\/wp-content\/uploads\/2019\/07\/F23113F9-9896-4CAB-81C7-74B37A8A6827.jpeg\" alt=\"\" class=\"wp-image-1776\" \/><\/figure>\n\n\n\n<figure class=\"wp-block-image\"><img decoding=\"async\" src=\"https:\/\/www.silvajardim.rj.gov.br\/wp-content\/uploads\/2019\/07\/79C716D4-1A7F-4C29-B952-5CF5A7AEB12A.jpeg\" alt=\"\" class=\"wp-image-1778\" \/><\/figure>\n\n\n\n<figure class=\"wp-block-image\"><img decoding=\"async\" src=\"https:\/\/www.silvajardim.rj.gov.br\/wp-content\/uploads\/2019\/07\/AF6D3F87-F15A-4B5B-9E2F-F9A7E211177E.jpeg\" alt=\"\" class=\"wp-image-1774\" \/><\/figure>\n","protected":false},"excerpt":{"rendered":"","protected":false},"author":1,"featured_media":1777,"comment_status":"closed","ping_status":"closed","sticky":false,"template":"","format":"standard","meta":{"_mi_skip_tracking":false,"footnotes":""},"categories":[279,273],"tags":[],"class_list":["post-11363","post","type-post","status-publish","format-standard","has-post-thumbnail","hentry","category-administracao","category-prefeitura"],"_links":{"self":[{"href":"https:\/\/www.silvajardim.rj.gov.br\/index.php\/wp-json\/wp\/v2\/posts\/11363","targetHints":{"allow":["GET"]}}],"collection":[{"href":"https:\/\/www.silvajardim.rj.gov.br\/index.php\/wp-json\/wp\/v2\/posts"}],"about":[{"href":"https:\/\/www.silvajardim.rj.gov.br\/index.php\/wp-json\/wp\/v2\/types\/post"}],"author":[{"embeddable":true,"href":"https:\/\/www.silvajardim.rj.gov.br\/index.php\/wp-json\/wp\/v2\/users\/1"}],"replies":[{"embeddable":true,"href":"https:\/\/www.silvajardim.rj.gov.br\/index.php\/wp-json\/wp\/v2\/comments?post=11363"}],"version-history":[{"count":0,"href":"https:\/\/www.silvajardim.rj.gov.br\/index.php\/wp-json\/wp\/v2\/posts\/11363\/revisions"}],"wp:featuredmedia":[{"embeddable":true,"href":"https:\/\/www.silvajardim.rj.gov.br\/index.php\/wp-json\/"}],"wp:attachment":[{"href":"https:\/\/www.silvajardim.rj.gov.br\/index.php\/wp-json\/wp\/v2\/media?parent=11363"}],"wp:term":[{"taxonomy":"category","embeddable":true,"href":"https:\/\/www.silvajardim.rj.gov.br\/index.php\/wp-json\/wp\/v2\/categories?post=11363"},{"taxonomy":"post_tag","embeddable":true,"href":"https:\/\/www.silvajardim.rj.gov.br\/index.php\/wp-json\/wp\/v2\/tags?post=11363"}],"curies":[{"name":"wp","href":"https:\/\/api.w.org\/{rel}","templated":true}]}}