{"id":11370,"date":"2019-07-30T10:33:37","date_gmt":"2019-07-30T13:33:37","guid":{"rendered":"https:\/\/www.silvajardim.rj.gov.br\/?p=1962"},"modified":"2019-07-30T10:33:37","modified_gmt":"2019-07-30T13:33:37","slug":"dia-da-familia-na-escola-une-pais-e-filhos-em-um-momento-de-muita-diversao-nas-escolas-de-silva-jardim","status":"publish","type":"post","link":"https:\/\/www.silvajardim.rj.gov.br\/index.php\/2019\/07\/30\/dia-da-familia-na-escola-une-pais-e-filhos-em-um-momento-de-muita-diversao-nas-escolas-de-silva-jardim\/","title":{"rendered":"Dia da Fam\u00edlia na Escola une Pais e Filhos em um momento de muita divers\u00e3o nas Escolas de Silva Jardim"},"content":{"rendered":"\n<figure class=\"wp-block-image\"><img decoding=\"async\" src=\"https:\/\/www.silvajardim.rj.gov.br\/wp-content\/uploads\/2019\/07\/E8898B65-D47C-49B7-9223-0BA227627E19.jpeg\" alt=\"\" class=\"wp-image-1964\"\/><\/figure>\n\n\n\n<p class=\"texto-justificado\">\nAconteceu no dia 13 de julho, o \u201cDia da Fam\u00edlia na Escola\u201d, em todas as \nescolas p\u00fablicas municipais de Silva Jardim. Diretores, professores, \nalunos e familiares puderam compartilhar juntos esse momento de muita \nalegria. <br> O projeto \u00e9 essencial \npara integrar os pais na vida escolar de seus filhos e acompanhar o seu \ndesenvolvimento, al\u00e9m de conhecerem os professores, ouvir hist\u00f3rias \nencantadoras sobre seus filhos e vislumbrar de perto os projetos \npedag\u00f3gicos que seu filho est\u00e1 inserido. \u00c9 um momento de lazer em \nfam\u00edlia. <br> As escolas organizaram \nbel\u00edssimos arraias com dan\u00e7as, teatros, pescarias, comidas t\u00edpicas das \nfestas juninas, quadrilhas e muito mais. Cerca de 4300 alunos \nparticiparam. A a\u00e7\u00e3o foi realizada pela Secretaria Municipal de \nEduca\u00e7\u00e3o, Ci\u00eancia e Tecnologia.\n\n<\/p>\n\n\n\n<figure class=\"wp-block-image\"><img decoding=\"async\" src=\"https:\/\/www.silvajardim.rj.gov.br\/wp-content\/uploads\/2019\/07\/226028F1-52CB-48F7-ADB2-ADB355F7CBB8.jpeg\" alt=\"\" class=\"wp-image-1965\"\/><\/figure>\n\n\n\n<figure class=\"wp-block-image\"><img decoding=\"async\" src=\"https:\/\/www.silvajardim.rj.gov.br\/wp-content\/uploads\/2019\/07\/8725EB62-EF8E-42D7-B874-4E2C657004DF.jpeg\" alt=\"\" class=\"wp-image-1966\"\/><\/figure>\n\n\n\n<ul class=\"wp-block-gallery columns-1 is-cropped wp-block-gallery-1 is-layout-flex wp-block-gallery-is-layout-flex\"><li class=\"blocks-gallery-item\"><figure><img decoding=\"async\" src=\"https:\/\/www.silvajardim.rj.gov.br\/wp-content\/uploads\/2019\/07\/5B20E6D7-412F-4702-B4D8-0493DC0172FB.jpeg\" alt=\"\" data-id=\"1967\" data-link=\"https:\/\/www.silvajardim.rj.gov.br\/?attachment_id=1967\" class=\"wp-image-1967\"\/><\/figure><\/li><\/ul>\n","protected":false},"excerpt":{"rendered":"<p>Aconteceu no dia 13 de julho, o \u201cDia da Fam\u00edlia na Escola\u201d, em todas as escolas p\u00fablicas municipais de Silva<\/p>\n","protected":false},"author":1,"featured_media":1965,"comment_status":"closed","ping_status":"closed","sticky":false,"template":"","format":"standard","meta":{"_mi_skip_tracking":false,"footnotes":""},"categories":[286,273],"tags":[],"class_list":["post-11370","post","type-post","status-publish","format-standard","has-post-thumbnail","hentry","category-educacao","category-prefeitura"],"_links":{"self":[{"href":"https:\/\/www.silvajardim.rj.gov.br\/index.php\/wp-json\/wp\/v2\/posts\/11370","targetHints":{"allow":["GET"]}}],"collection":[{"href":"https:\/\/www.silvajardim.rj.gov.br\/index.php\/wp-json\/wp\/v2\/posts"}],"about":[{"href":"https:\/\/www.silvajardim.rj.gov.br\/index.php\/wp-json\/wp\/v2\/types\/post"}],"author":[{"embeddable":true,"href":"https:\/\/www.silvajardim.rj.gov.br\/index.php\/wp-json\/wp\/v2\/users\/1"}],"replies":[{"embeddable":true,"href":"https:\/\/www.silvajardim.rj.gov.br\/index.php\/wp-json\/wp\/v2\/comments?post=11370"}],"version-history":[{"count":0,"href":"https:\/\/www.silvajardim.rj.gov.br\/index.php\/wp-json\/wp\/v2\/posts\/11370\/revisions"}],"wp:featuredmedia":[{"embeddable":true,"href":"https:\/\/www.silvajardim.rj.gov.br\/index.php\/wp-json\/"}],"wp:attachment":[{"href":"https:\/\/www.silvajardim.rj.gov.br\/index.php\/wp-json\/wp\/v2\/media?parent=11370"}],"wp:term":[{"taxonomy":"category","embeddable":true,"href":"https:\/\/www.silvajardim.rj.gov.br\/index.php\/wp-json\/wp\/v2\/categories?post=11370"},{"taxonomy":"post_tag","embeddable":true,"href":"https:\/\/www.silvajardim.rj.gov.br\/index.php\/wp-json\/wp\/v2\/tags?post=11370"}],"curies":[{"name":"wp","href":"https:\/\/api.w.org\/{rel}","templated":true}]}}