{"id":11371,"date":"2019-08-30T18:30:10","date_gmt":"2019-08-30T21:30:10","guid":{"rendered":"https:\/\/www.silvajardim.rj.gov.br\/?p=2286"},"modified":"2019-08-30T18:30:10","modified_gmt":"2019-08-30T21:30:10","slug":"silva-jardim-recebe-a-melhor-avaliacao-da-atencao-basica-da-regiao-metropolitana","status":"publish","type":"post","link":"https:\/\/www.silvajardim.rj.gov.br\/index.php\/2019\/08\/30\/silva-jardim-recebe-a-melhor-avaliacao-da-atencao-basica-da-regiao-metropolitana\/","title":{"rendered":"Silva Jardim recebe a melhor Avalia\u00e7\u00e3o da Aten\u00e7\u00e3o B\u00e1sica da Regi\u00e3o Metropolitana"},"content":{"rendered":"\n<figure class=\"wp-block-image\"><img decoding=\"async\" src=\"https:\/\/www.silvajardim.rj.gov.br\/wp-content\/uploads\/2019\/08\/FF9F5ED2-7421-43BB-9C2C-D587BBCE956E.jpeg\" alt=\"\" class=\"wp-image-2287\" \/><figcaption> O Munic\u00edpio de Silva Jardim, segundo a Secretaria de Sa\u00fade do Estado do Rio de Janeiro, recebeu a melhor avalia\u00e7\u00e3o na Aten\u00e7\u00e3o B\u00e1sica no primeiro Quadrimestre de 2019, da Regi\u00e3o Metropolitana II, que inclui outros seis Munic\u00edpios.<\/figcaption><\/figure>\n","protected":false},"excerpt":{"rendered":"","protected":false},"author":1,"featured_media":2287,"comment_status":"closed","ping_status":"closed","sticky":false,"template":"","format":"standard","meta":{"_mi_skip_tracking":false,"footnotes":""},"categories":[273,275],"tags":[],"class_list":["post-11371","post","type-post","status-publish","format-standard","has-post-thumbnail","hentry","category-prefeitura","category-saude"],"_links":{"self":[{"href":"https:\/\/www.silvajardim.rj.gov.br\/index.php\/wp-json\/wp\/v2\/posts\/11371","targetHints":{"allow":["GET"]}}],"collection":[{"href":"https:\/\/www.silvajardim.rj.gov.br\/index.php\/wp-json\/wp\/v2\/posts"}],"about":[{"href":"https:\/\/www.silvajardim.rj.gov.br\/index.php\/wp-json\/wp\/v2\/types\/post"}],"author":[{"embeddable":true,"href":"https:\/\/www.silvajardim.rj.gov.br\/index.php\/wp-json\/wp\/v2\/users\/1"}],"replies":[{"embeddable":true,"href":"https:\/\/www.silvajardim.rj.gov.br\/index.php\/wp-json\/wp\/v2\/comments?post=11371"}],"version-history":[{"count":0,"href":"https:\/\/www.silvajardim.rj.gov.br\/index.php\/wp-json\/wp\/v2\/posts\/11371\/revisions"}],"wp:featuredmedia":[{"embeddable":true,"href":"https:\/\/www.silvajardim.rj.gov.br\/index.php\/wp-json\/"}],"wp:attachment":[{"href":"https:\/\/www.silvajardim.rj.gov.br\/index.php\/wp-json\/wp\/v2\/media?parent=11371"}],"wp:term":[{"taxonomy":"category","embeddable":true,"href":"https:\/\/www.silvajardim.rj.gov.br\/index.php\/wp-json\/wp\/v2\/categories?post=11371"},{"taxonomy":"post_tag","embeddable":true,"href":"https:\/\/www.silvajardim.rj.gov.br\/index.php\/wp-json\/wp\/v2\/tags?post=11371"}],"curies":[{"name":"wp","href":"https:\/\/api.w.org\/{rel}","templated":true}]}}