{"id":11375,"date":"2019-09-26T14:49:01","date_gmt":"2019-09-26T17:49:01","guid":{"rendered":"https:\/\/www.silvajardim.rj.gov.br\/?p=2494"},"modified":"2019-09-26T14:49:01","modified_gmt":"2019-09-26T17:49:01","slug":"mes-de-setembro-e-marcado-por-formacoes-sobre-a-base-nacional-comum-curricular","status":"publish","type":"post","link":"https:\/\/www.silvajardim.rj.gov.br\/index.php\/2019\/09\/26\/mes-de-setembro-e-marcado-por-formacoes-sobre-a-base-nacional-comum-curricular\/","title":{"rendered":"M\u00eas de Setembro \u00e9 marcado por Atividades de Forma\u00e7\u00e3o sobre a Base Nacional Comum Curricular"},"content":{"rendered":"\n<figure class=\"wp-block-image\"><img decoding=\"async\" src=\"https:\/\/www.silvajardim.rj.gov.br\/wp-content\/uploads\/2019\/09\/5FE567E1-FD7A-4EB8-B9C4-A16636B6915E.jpeg\" alt=\"\" class=\"wp-image-2495\" \/><figcaption>Setembro foi um m\u00eas dedicado \u00e0s forma\u00e7\u00f5es sobre a Base Nacional Comum Curricular (BNCC). No dia 4 de setembro, as redatoras da base do munic\u00edpio de Silva Jardim, Nedimar Mello e Norma Ramalho, participaram com a Secret\u00e1ria de Educa\u00e7\u00e3o, K\u00e1tia Passos, de uma palestra com a Secret\u00e1ria de Finan\u00e7as da UNDIME, no evento ocorrido na FGV, reunindo um grande p\u00fablico formado por gestores e representantes dos 92 munic\u00edpios do Estado do Rio de Janeiro.<br> No dia 9 de setembro, no N\u00facleo de Tecnologia Municipal de Silva Jardim, foi realizada a Forma\u00e7\u00e3o com Professores, Gestores e Orientadores Pedag\u00f3gicos das Creches e Pr\u00e9-escolas que integram o Sistema Municipal de Educa\u00e7\u00e3o, com oficinas sobre o Campo de Experi\u00eancias e Direitos de Aprendizagem da Educa\u00e7\u00e3o Infantil. J\u00e1 no dia 13, as redatoras Nedimar Mello e Norma Ramalho, palestraram sobre a BNCC e a Educa\u00e7\u00e3o Infantil no \u00e2mbito do estado do Rio de Janeiro, no munic\u00edpio de Itatiaia, com a participa\u00e7\u00e3o de, aproximadamente, 80 pessoas que atuam na Educa\u00e7\u00e3o Infantil. <br> No dia 16 de setembro, em Silva Jardim, as Coordenadoras Nedimar Mello (Educa\u00e7\u00e3o Infantil), Suani Cabral (Escolas do Campo) e Nilzete Antunes (Ensino Fundamental I), fizeram a forma\u00e7\u00e3o para os Professores das Atividades Diversificadas e das Salas de Recursos Multifuncionais, integrando os saberes entre as modalidades de ensino e resgatando a import\u00e2ncia da transi\u00e7\u00e3o entre as etapas proposto pela BNCC. No dia 23, as profissionais de Silva Jardim dinamizaram a forma\u00e7\u00e3o sobre a BNCC no Munic\u00edpio de Casimiro de Abreu, com a participa\u00e7\u00e3o de um grande p\u00fablico, formado por mais de 60 Gestores e Professores, que atuam na Educa\u00e7\u00e3o Infantil e no Ensino Fundamental I.<br> E para fechar o m\u00eas, no dia 24 de setembro, aconteceu no N\u00facleo de Tecnologia Municipal de Silva Jardim, a forma\u00e7\u00e3o para os Professores das Atividades Diversificadas que atuam no turno da tarde, em parceria com as Coordena\u00e7\u00f5es de Educa\u00e7\u00e3o Infantil, Escolas do Campo e Ensino Fundamental I, fechando assim, o ciclo de forma\u00e7\u0101o com esta importante tem\u00e1tica, onde conseguimos abranger representantes de todas as escolas p\u00fablicas do munic\u00edpio de Silva Jardim, al\u00e9m de levarmos um pouco das nossas experi\u00eancias para munic\u00edpios parceiros nesta caminhada educacional.<\/figcaption><\/figure>\n\n\n\n<figure class=\"wp-block-image\"><img decoding=\"async\" src=\"https:\/\/www.silvajardim.rj.gov.br\/wp-content\/uploads\/2019\/09\/11BB2F35-DD39-4AE8-98A7-A9CCAA3E215E.jpeg\" alt=\"\" class=\"wp-image-2496\" \/><\/figure>\n\n\n\n<figure class=\"wp-block-image\"><img decoding=\"async\" src=\"https:\/\/www.silvajardim.rj.gov.br\/wp-content\/uploads\/2019\/09\/85D297B0-6566-4409-A82B-0CC5C2C71F32.jpeg\" alt=\"\" class=\"wp-image-2497\" \/><\/figure>\n","protected":false},"excerpt":{"rendered":"","protected":false},"author":1,"featured_media":2496,"comment_status":"closed","ping_status":"closed","sticky":false,"template":"","format":"standard","meta":{"_mi_skip_tracking":false,"footnotes":""},"categories":[286,273],"tags":[],"class_list":["post-11375","post","type-post","status-publish","format-standard","has-post-thumbnail","hentry","category-educacao","category-prefeitura"],"_links":{"self":[{"href":"https:\/\/www.silvajardim.rj.gov.br\/index.php\/wp-json\/wp\/v2\/posts\/11375","targetHints":{"allow":["GET"]}}],"collection":[{"href":"https:\/\/www.silvajardim.rj.gov.br\/index.php\/wp-json\/wp\/v2\/posts"}],"about":[{"href":"https:\/\/www.silvajardim.rj.gov.br\/index.php\/wp-json\/wp\/v2\/types\/post"}],"author":[{"embeddable":true,"href":"https:\/\/www.silvajardim.rj.gov.br\/index.php\/wp-json\/wp\/v2\/users\/1"}],"replies":[{"embeddable":true,"href":"https:\/\/www.silvajardim.rj.gov.br\/index.php\/wp-json\/wp\/v2\/comments?post=11375"}],"version-history":[{"count":0,"href":"https:\/\/www.silvajardim.rj.gov.br\/index.php\/wp-json\/wp\/v2\/posts\/11375\/revisions"}],"wp:featuredmedia":[{"embeddable":true,"href":"https:\/\/www.silvajardim.rj.gov.br\/index.php\/wp-json\/"}],"wp:attachment":[{"href":"https:\/\/www.silvajardim.rj.gov.br\/index.php\/wp-json\/wp\/v2\/media?parent=11375"}],"wp:term":[{"taxonomy":"category","embeddable":true,"href":"https:\/\/www.silvajardim.rj.gov.br\/index.php\/wp-json\/wp\/v2\/categories?post=11375"},{"taxonomy":"post_tag","embeddable":true,"href":"https:\/\/www.silvajardim.rj.gov.br\/index.php\/wp-json\/wp\/v2\/tags?post=11375"}],"curies":[{"name":"wp","href":"https:\/\/api.w.org\/{rel}","templated":true}]}}