{"id":11390,"date":"2019-11-20T12:16:22","date_gmt":"2019-11-20T15:16:22","guid":{"rendered":"https:\/\/www.silvajardim.rj.gov.br\/?p=2819"},"modified":"2019-11-20T12:16:22","modified_gmt":"2019-11-20T15:16:22","slug":"alunos-do-colegio-nave-enigma-de-silva-jardim-visitam-o-centro-cultural-capivari","status":"publish","type":"post","link":"https:\/\/www.silvajardim.rj.gov.br\/index.php\/2019\/11\/20\/alunos-do-colegio-nave-enigma-de-silva-jardim-visitam-o-centro-cultural-capivari\/","title":{"rendered":"Alunos do Col\u00e9gio NAVE ENIGMA de Silva Jardim visitam o Centro Cultural Capivari"},"content":{"rendered":"\n<figure class=\"wp-block-image\"><img decoding=\"async\" src=\"https:\/\/www.silvajardim.rj.gov.br\/wp-content\/uploads\/2019\/11\/B7D44A33-5B84-49A8-96C8-B42D35923A85.jpeg\" alt=\"\" class=\"wp-image-2820\" \/><figcaption> Os alunos 7\u00ba ano do Col\u00e9gio Nave em Silva Jardim acompanhados do professor Douglas visitaram nesta quinta-feira, as exposi\u00e7\u00f5es no Centro Cultural Capivari e tiveram acesso a um pouco da nossa hist\u00f3ria, nossos valores culturais e nossas mem\u00f3rias. <br> A Sala Zez\u00e9 Macedo se transformou em um mini cinema e na tela, um pouco da hist\u00f3ria da eterna filha desta terra. <br> A Sala &#8220;Presidente Alfredo Backer&#8221; passou a compor as exposi\u00e7\u00f5es e nos fazem viajar na hist\u00f3ria. Na \u00e1rea central, Ant\u00f4nio da Silva Jardim continua \u00e0 disposi\u00e7\u00e3o dos visitantes contando a hist\u00f3ria de nosso patrono. <br> Em breve nossas exposi\u00e7\u00f5es de artistas locais e regionais passar\u00e3o a compor nossas exposi\u00e7\u00f5es.<br> Visitem ou agendem uma visita com seu grupo ao Centro Cultural Capivari, aberto de segunda a sexta, de 9 \u00e0s 17 horas.<\/figcaption><\/figure>\n","protected":false},"excerpt":{"rendered":"","protected":false},"author":1,"featured_media":2820,"comment_status":"closed","ping_status":"closed","sticky":false,"template":"","format":"standard","meta":{"_mi_skip_tracking":false,"footnotes":""},"categories":[286,273],"tags":[],"class_list":["post-11390","post","type-post","status-publish","format-standard","has-post-thumbnail","hentry","category-educacao","category-prefeitura"],"_links":{"self":[{"href":"https:\/\/www.silvajardim.rj.gov.br\/index.php\/wp-json\/wp\/v2\/posts\/11390","targetHints":{"allow":["GET"]}}],"collection":[{"href":"https:\/\/www.silvajardim.rj.gov.br\/index.php\/wp-json\/wp\/v2\/posts"}],"about":[{"href":"https:\/\/www.silvajardim.rj.gov.br\/index.php\/wp-json\/wp\/v2\/types\/post"}],"author":[{"embeddable":true,"href":"https:\/\/www.silvajardim.rj.gov.br\/index.php\/wp-json\/wp\/v2\/users\/1"}],"replies":[{"embeddable":true,"href":"https:\/\/www.silvajardim.rj.gov.br\/index.php\/wp-json\/wp\/v2\/comments?post=11390"}],"version-history":[{"count":0,"href":"https:\/\/www.silvajardim.rj.gov.br\/index.php\/wp-json\/wp\/v2\/posts\/11390\/revisions"}],"wp:featuredmedia":[{"embeddable":true,"href":"https:\/\/www.silvajardim.rj.gov.br\/index.php\/wp-json\/"}],"wp:attachment":[{"href":"https:\/\/www.silvajardim.rj.gov.br\/index.php\/wp-json\/wp\/v2\/media?parent=11390"}],"wp:term":[{"taxonomy":"category","embeddable":true,"href":"https:\/\/www.silvajardim.rj.gov.br\/index.php\/wp-json\/wp\/v2\/categories?post=11390"},{"taxonomy":"post_tag","embeddable":true,"href":"https:\/\/www.silvajardim.rj.gov.br\/index.php\/wp-json\/wp\/v2\/tags?post=11390"}],"curies":[{"name":"wp","href":"https:\/\/api.w.org\/{rel}","templated":true}]}}