{"id":11391,"date":"2019-11-20T12:32:15","date_gmt":"2019-11-20T15:32:15","guid":{"rendered":"https:\/\/www.silvajardim.rj.gov.br\/?p=2823"},"modified":"2019-11-20T12:32:15","modified_gmt":"2019-11-20T15:32:15","slug":"bandas-escolares-de-silva-jardim-participam-de-desfile-civico-escolar-em-comemoracao-ao-aniversario-de-tangua","status":"publish","type":"post","link":"https:\/\/www.silvajardim.rj.gov.br\/index.php\/2019\/11\/20\/bandas-escolares-de-silva-jardim-participam-de-desfile-civico-escolar-em-comemoracao-ao-aniversario-de-tangua\/","title":{"rendered":"Bandas Escolares de Silva Jardim participam de Desfile C\u00edvico Escolar em comemora\u00e7\u00e3o ao Anivers\u00e1rio de Tangu\u00e1"},"content":{"rendered":"\n<figure class=\"wp-block-image\"><img decoding=\"async\" src=\"https:\/\/www.silvajardim.rj.gov.br\/wp-content\/uploads\/2019\/11\/E4A133B5-D841-4B89-8059-F3B3384799F0-1024x768.jpeg\" alt=\"\" class=\"wp-image-2824\" \/><figcaption> Aconteceu na manh\u00e3 da \u00faltima sexta-feira (15), o Desfile C\u00edvico Escolar em comemora\u00e7\u00e3o ao anivers\u00e1rio do munic\u00edpio de Tangu\u00e1. As apresenta\u00e7\u00f5es foram realizadas na Avenida Dulce Lopes Garcia, no centro da cidade. As Corpora\u00e7\u00f5es Vera Coelho (COMVEC) do C.E.P.M. Professora Vera L\u00facia Pereira Coelho, sob a Reg\u00eancia de Fabr\u00edcio Viana, Ces\u00e1rio Alvim-Varginha (COMCAV) do Centro Educacional S\u00f4nia Braga Pereira Brandt, sob a Reg\u00eancia de Dayvson Silva, e Adail Maria Tinoco (COMAMT) do Centro Educacional Adail Maria Tinoco, sob a Reg\u00eancia de Guibson Gomes, foram convidadas para participarem do ato c\u00edvico. Na ocasi\u00e3o, nossos alunos foram aplaudidos e parabenizados pelo Prefeito do Munic\u00edpio, Valber Luiz, e pela Secret\u00e1ria Municipal de Educa\u00e7\u00e3o, Walkiria de Mello, al\u00e9m de outras autoridades que externaram gratid\u00e3o pela participa\u00e7\u00e3o de nossas bandas no evento.<br> O Diretor de Cultura e Coordenador do Projeto de Bandas Escolares em Silva Jardim, Humberto Ramon, acompanhou as corpora\u00e7\u00f5es e comentou sobre o evento. \u201cNossa equipe foi muito bem recebida pela Subsecret\u00e1ria de Educa\u00e7\u00e3o, Adriane de Souza e pela Coordenadora da Equipe de Programas e Conv\u00eanios, Vilma Sodr\u00e9, onde foram muito carinhosas e receptivas conosco. \u00c9 bonito de ver como nossa cultura de bandas escolares \u00e9 reconhecida e admirada. Aplausos e muita gratid\u00e3o no olhar dos mun\u00edcipes da cidade aniversariante e nos olhos dos alunos e respons\u00e1veis que se dedicam incansavelmente a este projeto que atende cerca de 280 alunos da rede p\u00fablica de ensino, al\u00e9m de receber todo incentivo poss\u00edvel da Secretaria Municipal de Educa\u00e7\u00e3o, diretores e professores. N\u00f3s agradecemos a todos os pais e alunos por manterem viva a cultura de banda escolar em Silva Jardim\u201d, finalizou Humberto.<\/figcaption><\/figure>\n","protected":false},"excerpt":{"rendered":"","protected":false},"author":1,"featured_media":2824,"comment_status":"closed","ping_status":"closed","sticky":false,"template":"","format":"standard","meta":{"_mi_skip_tracking":false,"footnotes":""},"categories":[286,273],"tags":[],"class_list":["post-11391","post","type-post","status-publish","format-standard","has-post-thumbnail","hentry","category-educacao","category-prefeitura"],"_links":{"self":[{"href":"https:\/\/www.silvajardim.rj.gov.br\/index.php\/wp-json\/wp\/v2\/posts\/11391","targetHints":{"allow":["GET"]}}],"collection":[{"href":"https:\/\/www.silvajardim.rj.gov.br\/index.php\/wp-json\/wp\/v2\/posts"}],"about":[{"href":"https:\/\/www.silvajardim.rj.gov.br\/index.php\/wp-json\/wp\/v2\/types\/post"}],"author":[{"embeddable":true,"href":"https:\/\/www.silvajardim.rj.gov.br\/index.php\/wp-json\/wp\/v2\/users\/1"}],"replies":[{"embeddable":true,"href":"https:\/\/www.silvajardim.rj.gov.br\/index.php\/wp-json\/wp\/v2\/comments?post=11391"}],"version-history":[{"count":0,"href":"https:\/\/www.silvajardim.rj.gov.br\/index.php\/wp-json\/wp\/v2\/posts\/11391\/revisions"}],"wp:featuredmedia":[{"embeddable":true,"href":"https:\/\/www.silvajardim.rj.gov.br\/index.php\/wp-json\/wp\/v2\/media\/2824"}],"wp:attachment":[{"href":"https:\/\/www.silvajardim.rj.gov.br\/index.php\/wp-json\/wp\/v2\/media?parent=11391"}],"wp:term":[{"taxonomy":"category","embeddable":true,"href":"https:\/\/www.silvajardim.rj.gov.br\/index.php\/wp-json\/wp\/v2\/categories?post=11391"},{"taxonomy":"post_tag","embeddable":true,"href":"https:\/\/www.silvajardim.rj.gov.br\/index.php\/wp-json\/wp\/v2\/tags?post=11391"}],"curies":[{"name":"wp","href":"https:\/\/api.w.org\/{rel}","templated":true}]}}