{"id":11398,"date":"2019-12-17T21:06:15","date_gmt":"2019-12-18T00:06:15","guid":{"rendered":"https:\/\/www.silvajardim.rj.gov.br\/?p=2873"},"modified":"2019-12-17T21:06:15","modified_gmt":"2019-12-18T00:06:15","slug":"pagamento-do-13o","status":"publish","type":"post","link":"https:\/\/www.silvajardim.rj.gov.br\/index.php\/2019\/12\/17\/pagamento-do-13o\/","title":{"rendered":"Prefeito comunica o pagamento do 13\u00ba"},"content":{"rendered":"\n<figure class=\"wp-block-image\"><img decoding=\"async\" src=\"https:\/\/www.silvajardim.rj.gov.br\/wp-content\/uploads\/2019\/12\/80187202_2639006552821533_610482115967975424_o1-1024x1024.jpg\" alt=\"\" class=\"wp-image-2874\"\/><\/figure>\n\n\n\n<p class=\"texto-justificado\">\n O Prefeito Jaime, n\u00e3o economizando esfor\u00e7os, comunica que o pagamento \ndo 13\u00b0 sal\u00e1rio, sair\u00e1 na pr\u00f3xima sexta-feira (20). Com pouco mais de 2 \nmeses na administra\u00e7\u00e3o, o Prefeito realizou medidas administrativas \ncomo, cancelamento de contratos e cortes de gastos, para cumprir com o \ndireito do servidor.<\/p>\n","protected":false},"excerpt":{"rendered":"<p>O Prefeito Jaime, n\u00e3o economizando esfor\u00e7os, comunica que o pagamento do 13\u00b0 sal\u00e1rio, sair\u00e1 na pr\u00f3xima sexta-feira (20). Com pouco<\/p>\n","protected":false},"author":1,"featured_media":2874,"comment_status":"closed","ping_status":"closed","sticky":false,"template":"","format":"standard","meta":{"_mi_skip_tracking":false,"footnotes":""},"categories":[279,273],"tags":[],"class_list":["post-11398","post","type-post","status-publish","format-standard","has-post-thumbnail","hentry","category-administracao","category-prefeitura"],"_links":{"self":[{"href":"https:\/\/www.silvajardim.rj.gov.br\/index.php\/wp-json\/wp\/v2\/posts\/11398","targetHints":{"allow":["GET"]}}],"collection":[{"href":"https:\/\/www.silvajardim.rj.gov.br\/index.php\/wp-json\/wp\/v2\/posts"}],"about":[{"href":"https:\/\/www.silvajardim.rj.gov.br\/index.php\/wp-json\/wp\/v2\/types\/post"}],"author":[{"embeddable":true,"href":"https:\/\/www.silvajardim.rj.gov.br\/index.php\/wp-json\/wp\/v2\/users\/1"}],"replies":[{"embeddable":true,"href":"https:\/\/www.silvajardim.rj.gov.br\/index.php\/wp-json\/wp\/v2\/comments?post=11398"}],"version-history":[{"count":0,"href":"https:\/\/www.silvajardim.rj.gov.br\/index.php\/wp-json\/wp\/v2\/posts\/11398\/revisions"}],"wp:featuredmedia":[{"embeddable":true,"href":"https:\/\/www.silvajardim.rj.gov.br\/index.php\/wp-json\/"}],"wp:attachment":[{"href":"https:\/\/www.silvajardim.rj.gov.br\/index.php\/wp-json\/wp\/v2\/media?parent=11398"}],"wp:term":[{"taxonomy":"category","embeddable":true,"href":"https:\/\/www.silvajardim.rj.gov.br\/index.php\/wp-json\/wp\/v2\/categories?post=11398"},{"taxonomy":"post_tag","embeddable":true,"href":"https:\/\/www.silvajardim.rj.gov.br\/index.php\/wp-json\/wp\/v2\/tags?post=11398"}],"curies":[{"name":"wp","href":"https:\/\/api.w.org\/{rel}","templated":true}]}}