{"id":11406,"date":"2020-03-26T18:13:16","date_gmt":"2020-03-26T21:13:16","guid":{"rendered":"https:\/\/www.silvajardim.rj.gov.br\/?p=3037"},"modified":"2020-03-26T18:13:16","modified_gmt":"2020-03-26T21:13:16","slug":"refis-2019-tera-atendimento-especial-neste-sabado-em-silva-jardim","status":"publish","type":"post","link":"https:\/\/www.silvajardim.rj.gov.br\/index.php\/2020\/03\/26\/refis-2019-tera-atendimento-especial-neste-sabado-em-silva-jardim\/","title":{"rendered":"REFIS 2019 TER\u00c1 ATENDIMENTO ESPECIAL NESTE S\u00c1BADO EM SILVA JARDIM"},"content":{"rendered":"\n<p>A Prefeitura Municipal de Silva Jardim, atrav\u00e9s da Secretaria Municipal de Fazenda, informa que neste s\u00e1bado (18), ter\u00e1 um atendimento especial para o Programa de Recupera\u00e7\u00e3o Fiscal \u2013 REFIS\/2019.<\/p>\n\n\n\n<figure class=\"wp-block-image size-large\"><img decoding=\"async\" src=\"https:\/\/www.silvajardim.rj.gov.br\/wp-content\/uploads\/2020\/03\/82769302_2705110349544486_8380381840548036608_o.jpg\" alt=\"\" class=\"wp-image-3038\"\/><\/figure>\n\n\n\n<p>O atendimento ser\u00e1 realizado das 9h \u00e0s 14h, na sede da Secretaria, localizada na Rua Padre \u00c1vila, 265, no Centro. Voc\u00ea que ainda n\u00e3o regularizou suas pend\u00eancias, corre que ainda da tempo. Lembrando que o prazo para o REFIS se encerra neste domingo (19).<\/p>\n","protected":false},"excerpt":{"rendered":"<p>A Prefeitura Municipal de Silva Jardim, atrav\u00e9s da Secretaria Municipal de Fazenda, informa que neste s\u00e1bado (18), ter\u00e1 um atendimento<\/p>\n","protected":false},"author":1,"featured_media":3038,"comment_status":"closed","ping_status":"closed","sticky":false,"template":"","format":"standard","meta":{"_mi_skip_tracking":false,"footnotes":""},"categories":[289,273],"tags":[],"class_list":["post-11406","post","type-post","status-publish","format-standard","has-post-thumbnail","hentry","category-fazenda","category-prefeitura"],"_links":{"self":[{"href":"https:\/\/www.silvajardim.rj.gov.br\/index.php\/wp-json\/wp\/v2\/posts\/11406","targetHints":{"allow":["GET"]}}],"collection":[{"href":"https:\/\/www.silvajardim.rj.gov.br\/index.php\/wp-json\/wp\/v2\/posts"}],"about":[{"href":"https:\/\/www.silvajardim.rj.gov.br\/index.php\/wp-json\/wp\/v2\/types\/post"}],"author":[{"embeddable":true,"href":"https:\/\/www.silvajardim.rj.gov.br\/index.php\/wp-json\/wp\/v2\/users\/1"}],"replies":[{"embeddable":true,"href":"https:\/\/www.silvajardim.rj.gov.br\/index.php\/wp-json\/wp\/v2\/comments?post=11406"}],"version-history":[{"count":0,"href":"https:\/\/www.silvajardim.rj.gov.br\/index.php\/wp-json\/wp\/v2\/posts\/11406\/revisions"}],"wp:featuredmedia":[{"embeddable":true,"href":"https:\/\/www.silvajardim.rj.gov.br\/index.php\/wp-json\/"}],"wp:attachment":[{"href":"https:\/\/www.silvajardim.rj.gov.br\/index.php\/wp-json\/wp\/v2\/media?parent=11406"}],"wp:term":[{"taxonomy":"category","embeddable":true,"href":"https:\/\/www.silvajardim.rj.gov.br\/index.php\/wp-json\/wp\/v2\/categories?post=11406"},{"taxonomy":"post_tag","embeddable":true,"href":"https:\/\/www.silvajardim.rj.gov.br\/index.php\/wp-json\/wp\/v2\/tags?post=11406"}],"curies":[{"name":"wp","href":"https:\/\/api.w.org\/{rel}","templated":true}]}}