{"id":11409,"date":"2020-03-26T18:17:43","date_gmt":"2020-03-26T21:17:43","guid":{"rendered":"https:\/\/www.silvajardim.rj.gov.br\/?p=3047"},"modified":"2020-03-26T18:17:43","modified_gmt":"2020-03-26T21:17:43","slug":"inscricoes-abertas-para-aulas-de-ballet-em-silva-jardim","status":"publish","type":"post","link":"https:\/\/www.silvajardim.rj.gov.br\/index.php\/2020\/03\/26\/inscricoes-abertas-para-aulas-de-ballet-em-silva-jardim\/","title":{"rendered":"INSCRI\u00c7\u00d5ES ABERTAS PARA AULAS DE BALLET EM SILVA JARDIM"},"content":{"rendered":"\n<p>A Prefeitura de Silva Jardim, atrav\u00e9s da Subsecretaria Municipal de Esporte e Lazer, informa que est\u00e3o abertas as inscri\u00e7\u00f5es para as aulas de Ballet (a partir de 4 anos de idade), no Gin\u00e1sio Poliesportivo Jorge Mendon\u00e7a, de segunda a sexta, das 9h \u00e0s 17h. Para realizar a inscri\u00e7\u00e3o, \u00e9 necess\u00e1rio levar uma c\u00f3pia do documento de identifica\u00e7\u00e3o e uma foto 3&#215;4. As aulas ser\u00e3o realizadas as segundas e quartas em dois hor\u00e1rios (9h \u00e0s 10h \/ 14h \u00e0s 15h). A aula inaugural est\u00e1 marcada para o dia 27 de janeiro. Ver\u00e3o Esportes em Silva Jardim, venha participar conosco!<\/p>\n\n\n\n<figure class=\"wp-block-image size-large\"><img decoding=\"async\" src=\"https:\/\/www.silvajardim.rj.gov.br\/wp-content\/uploads\/2020\/03\/82526937_2711190905603097_2390681261988380672_o.jpg\" alt=\"\" class=\"wp-image-3048\"\/><\/figure>\n","protected":false},"excerpt":{"rendered":"<p>A Prefeitura de Silva Jardim, atrav\u00e9s da Subsecretaria Municipal de Esporte e Lazer, informa que est\u00e3o abertas as inscri\u00e7\u00f5es para<\/p>\n","protected":false},"author":1,"featured_media":3048,"comment_status":"closed","ping_status":"closed","sticky":false,"template":"","format":"standard","meta":{"_mi_skip_tracking":false,"footnotes":""},"categories":[283],"tags":[],"class_list":["post-11409","post","type-post","status-publish","format-standard","has-post-thumbnail","hentry","category-esporte-e-lazer"],"_links":{"self":[{"href":"https:\/\/www.silvajardim.rj.gov.br\/index.php\/wp-json\/wp\/v2\/posts\/11409","targetHints":{"allow":["GET"]}}],"collection":[{"href":"https:\/\/www.silvajardim.rj.gov.br\/index.php\/wp-json\/wp\/v2\/posts"}],"about":[{"href":"https:\/\/www.silvajardim.rj.gov.br\/index.php\/wp-json\/wp\/v2\/types\/post"}],"author":[{"embeddable":true,"href":"https:\/\/www.silvajardim.rj.gov.br\/index.php\/wp-json\/wp\/v2\/users\/1"}],"replies":[{"embeddable":true,"href":"https:\/\/www.silvajardim.rj.gov.br\/index.php\/wp-json\/wp\/v2\/comments?post=11409"}],"version-history":[{"count":0,"href":"https:\/\/www.silvajardim.rj.gov.br\/index.php\/wp-json\/wp\/v2\/posts\/11409\/revisions"}],"wp:featuredmedia":[{"embeddable":true,"href":"https:\/\/www.silvajardim.rj.gov.br\/index.php\/wp-json\/"}],"wp:attachment":[{"href":"https:\/\/www.silvajardim.rj.gov.br\/index.php\/wp-json\/wp\/v2\/media?parent=11409"}],"wp:term":[{"taxonomy":"category","embeddable":true,"href":"https:\/\/www.silvajardim.rj.gov.br\/index.php\/wp-json\/wp\/v2\/categories?post=11409"},{"taxonomy":"post_tag","embeddable":true,"href":"https:\/\/www.silvajardim.rj.gov.br\/index.php\/wp-json\/wp\/v2\/tags?post=11409"}],"curies":[{"name":"wp","href":"https:\/\/api.w.org\/{rel}","templated":true}]}}