{"id":11424,"date":"2020-03-26T20:15:51","date_gmt":"2020-03-26T23:15:51","guid":{"rendered":"https:\/\/www.silvajardim.rj.gov.br\/?p=3129"},"modified":"2020-03-26T20:15:51","modified_gmt":"2020-03-26T23:15:51","slug":"prefeitura-fara-uma-pausa-nas-divulgacoes-de-servicos-realizados","status":"publish","type":"post","link":"https:\/\/www.silvajardim.rj.gov.br\/index.php\/2020\/03\/26\/prefeitura-fara-uma-pausa-nas-divulgacoes-de-servicos-realizados\/","title":{"rendered":"PREFEITURA FAR\u00c1 UMA PAUSA NAS DIVULGA\u00c7\u00d5ES DE SERVI\u00c7OS REALIZADOS"},"content":{"rendered":"\n<p>A Prefeitura de Silva Jardim informa que far\u00e1 uma pausa na DIVULGA\u00c7\u00c3O de a\u00e7\u00f5es e servi\u00e7os realizados, em prol do Per\u00edodo Eleitoral. O Executivo Municipal continuar\u00e1 atuando e desempenhando suas fun\u00e7\u00f5es normalmente. A pausa ser\u00e1 apenas na divulga\u00e7\u00e3o em nossas p\u00e1ginas oficiais.<\/p>\n\n\n\n<figure class=\"wp-block-image size-large\"><img decoding=\"async\" src=\"https:\/\/www.silvajardim.rj.gov.br\/wp-content\/uploads\/2020\/03\/83325431_2754638731258314_305416597592342528_o.jpg\" alt=\"\" class=\"wp-image-3130\"\/><\/figure>\n","protected":false},"excerpt":{"rendered":"<p>A Prefeitura de Silva Jardim informa que far\u00e1 uma pausa na DIVULGA\u00c7\u00c3O de a\u00e7\u00f5es e servi\u00e7os realizados, em prol do<\/p>\n","protected":false},"author":1,"featured_media":3130,"comment_status":"closed","ping_status":"closed","sticky":false,"template":"","format":"standard","meta":{"_mi_skip_tracking":false,"footnotes":""},"categories":[273],"tags":[],"class_list":["post-11424","post","type-post","status-publish","format-standard","has-post-thumbnail","hentry","category-prefeitura"],"_links":{"self":[{"href":"https:\/\/www.silvajardim.rj.gov.br\/index.php\/wp-json\/wp\/v2\/posts\/11424","targetHints":{"allow":["GET"]}}],"collection":[{"href":"https:\/\/www.silvajardim.rj.gov.br\/index.php\/wp-json\/wp\/v2\/posts"}],"about":[{"href":"https:\/\/www.silvajardim.rj.gov.br\/index.php\/wp-json\/wp\/v2\/types\/post"}],"author":[{"embeddable":true,"href":"https:\/\/www.silvajardim.rj.gov.br\/index.php\/wp-json\/wp\/v2\/users\/1"}],"replies":[{"embeddable":true,"href":"https:\/\/www.silvajardim.rj.gov.br\/index.php\/wp-json\/wp\/v2\/comments?post=11424"}],"version-history":[{"count":0,"href":"https:\/\/www.silvajardim.rj.gov.br\/index.php\/wp-json\/wp\/v2\/posts\/11424\/revisions"}],"wp:featuredmedia":[{"embeddable":true,"href":"https:\/\/www.silvajardim.rj.gov.br\/index.php\/wp-json\/"}],"wp:attachment":[{"href":"https:\/\/www.silvajardim.rj.gov.br\/index.php\/wp-json\/wp\/v2\/media?parent=11424"}],"wp:term":[{"taxonomy":"category","embeddable":true,"href":"https:\/\/www.silvajardim.rj.gov.br\/index.php\/wp-json\/wp\/v2\/categories?post=11424"},{"taxonomy":"post_tag","embeddable":true,"href":"https:\/\/www.silvajardim.rj.gov.br\/index.php\/wp-json\/wp\/v2\/tags?post=11424"}],"curies":[{"name":"wp","href":"https:\/\/api.w.org\/{rel}","templated":true}]}}