{"id":11426,"date":"2020-03-26T20:19:38","date_gmt":"2020-03-26T23:19:38","guid":{"rendered":"https:\/\/www.silvajardim.rj.gov.br\/?p=3135"},"modified":"2020-03-26T20:19:38","modified_gmt":"2020-03-26T23:19:38","slug":"convocacao-para-audiencia-publica-referente-ao-3o-quadrimestre-de-2019","status":"publish","type":"post","link":"https:\/\/www.silvajardim.rj.gov.br\/index.php\/2020\/03\/26\/convocacao-para-audiencia-publica-referente-ao-3o-quadrimestre-de-2019\/","title":{"rendered":"CONVOCA\u00c7\u00c3O PARA AUDI\u00caNCIA P\u00daBLICA REFERENTE AO 3\u00ba QUADRIMESTRE DE 2019"},"content":{"rendered":"\n<p>A Secretaria Municipal de Sa\u00fade, atrav\u00e9s do Conselho Municipal de Sa\u00fade, torna p\u00fablico que ser\u00e1 realizada no dia 28 de fevereiro de 2020, a partir das 10h, a Audi\u00eancia P\u00fablica nos termos do Artigo 36, da Lei Complementar n\u00ba141 de 13 de janeiro de 2012, para demonstra\u00e7\u00e3o e avalia\u00e7\u00e3o do cumprimento das metas fiscais da Lei de Diretrizes Or\u00e7ament\u00e1rias, referente ao 3\u00b0 Quadrimestre de 2019. A audi\u00eancia acontece na Sede da C\u00e2mara Municipal de Silva Jardim, localizada na Rua Luiz Gomes, n\u00ba46, no Centro da cidade.<\/p>\n\n\n\n<figure class=\"wp-block-image size-large\"><img decoding=\"async\" src=\"https:\/\/www.silvajardim.rj.gov.br\/wp-content\/uploads\/2020\/03\/87066450_2776001395788714_8866048775215382528_o.jpg\" alt=\"\" class=\"wp-image-3136\"\/><\/figure>\n","protected":false},"excerpt":{"rendered":"<p>A Secretaria Municipal de Sa\u00fade, atrav\u00e9s do Conselho Municipal de Sa\u00fade, torna p\u00fablico que ser\u00e1 realizada no dia 28 de<\/p>\n","protected":false},"author":1,"featured_media":3136,"comment_status":"closed","ping_status":"closed","sticky":false,"template":"","format":"standard","meta":{"_mi_skip_tracking":false,"footnotes":""},"categories":[275],"tags":[],"class_list":["post-11426","post","type-post","status-publish","format-standard","has-post-thumbnail","hentry","category-saude"],"_links":{"self":[{"href":"https:\/\/www.silvajardim.rj.gov.br\/index.php\/wp-json\/wp\/v2\/posts\/11426","targetHints":{"allow":["GET"]}}],"collection":[{"href":"https:\/\/www.silvajardim.rj.gov.br\/index.php\/wp-json\/wp\/v2\/posts"}],"about":[{"href":"https:\/\/www.silvajardim.rj.gov.br\/index.php\/wp-json\/wp\/v2\/types\/post"}],"author":[{"embeddable":true,"href":"https:\/\/www.silvajardim.rj.gov.br\/index.php\/wp-json\/wp\/v2\/users\/1"}],"replies":[{"embeddable":true,"href":"https:\/\/www.silvajardim.rj.gov.br\/index.php\/wp-json\/wp\/v2\/comments?post=11426"}],"version-history":[{"count":0,"href":"https:\/\/www.silvajardim.rj.gov.br\/index.php\/wp-json\/wp\/v2\/posts\/11426\/revisions"}],"wp:featuredmedia":[{"embeddable":true,"href":"https:\/\/www.silvajardim.rj.gov.br\/index.php\/wp-json\/"}],"wp:attachment":[{"href":"https:\/\/www.silvajardim.rj.gov.br\/index.php\/wp-json\/wp\/v2\/media?parent=11426"}],"wp:term":[{"taxonomy":"category","embeddable":true,"href":"https:\/\/www.silvajardim.rj.gov.br\/index.php\/wp-json\/wp\/v2\/categories?post=11426"},{"taxonomy":"post_tag","embeddable":true,"href":"https:\/\/www.silvajardim.rj.gov.br\/index.php\/wp-json\/wp\/v2\/tags?post=11426"}],"curies":[{"name":"wp","href":"https:\/\/api.w.org\/{rel}","templated":true}]}}