{"id":11439,"date":"2020-03-27T11:59:57","date_gmt":"2020-03-27T14:59:57","guid":{"rendered":"https:\/\/www.silvajardim.rj.gov.br\/?p=3178"},"modified":"2020-03-27T11:59:57","modified_gmt":"2020-03-27T14:59:57","slug":"o-que-voce-precisa-saber-sobre-o-novo-coronavirus","status":"publish","type":"post","link":"https:\/\/www.silvajardim.rj.gov.br\/index.php\/2020\/03\/27\/o-que-voce-precisa-saber-sobre-o-novo-coronavirus\/","title":{"rendered":"O QUE VOC\u00ca PRECISA SABER SOBRE O NOVO CORONAV\u00cdRUS"},"content":{"rendered":"\n<p>Com a amea\u00e7a do Coronav\u00edrus em todo o pa\u00eds, \u00e9 importante ficar atento \u00e0s medidas de precau\u00e7\u00e3o adequadas. A Prefeitura de Silva Jardim, atrav\u00e9s da Secretaria Municipal de Sa\u00fade e Assist\u00eancia Social, pensando no bem-estar e na qualidade de vida, recomenda que a popula\u00e7\u00e3o tome algumas medidas para evitar o cont\u00e1gio e a r\u00e1pida transmiss\u00e3o do v\u00edrus. Listamos abaixo, algumas informa\u00e7\u00f5es importantes sobre o Coronav\u00edrus e os principais m\u00e9todos de preven\u00e7\u00e3o contra a doen\u00e7a.<\/p>\n\n\n\n<p>O QUE \u00c9 O CORONAV\u00cdRUS?<br>O Coronav\u00edrus faz parte de uma grande fam\u00edlia que causa infec\u00e7\u00f5es respirat\u00f3rias em seres humanos e animais. Em janeiro de 2020, foram identificados casos de pneumonia de causa desconhecida ocorridos na cidade de Wuhan, regi\u00e3o central da China, onde houve a detec\u00e7\u00e3o de um novo coronav\u00edrus, que ainda n\u00e3o havia sido identificado em humanos.<\/p>\n\n\n\n<figure class=\"wp-block-image size-large\"><img decoding=\"async\" src=\"https:\/\/www.silvajardim.rj.gov.br\/wp-content\/uploads\/2020\/03\/89160839_2815701968485323_2208323878382469120_o.jpg\" alt=\"\" class=\"wp-image-3179\"\/><\/figure>\n\n\n\n<p>PRINCIPAIS SINTOMAS DO CORONAV\u00cdRUS<br>&#8211; Febre<br>&#8211; Tosse<br>&#8211; Dificuldade para respirar<br>&#8211; Hist\u00f3rico de viagem em locais de transmiss\u00e3o 14 dias antes do in\u00edcio dos sintomas<br>&#8211; Contato com caso suspeito para coronav\u00edrus<\/p>\n\n\n\n<p>A Secretaria Municipal de Sa\u00fade e Assist\u00eancia Social orienta toda a popula\u00e7\u00e3o que se apresentarem quaisquer desses sintomas ou tenha hist\u00f3rico de viagem para locais de transmiss\u00e3o, procure atendimento m\u00e9dico.<\/p>\n\n\n\n<p>M\u00c9TODOS DE PREVEN\u00c7\u00c3O AO CORONAV\u00cdRUS<br>&#8211; Cubra sempre o nariz e a boca ao tossir e espirrar<br>&#8211; Utilize len\u00e7os descart\u00e1veis, jogue-os no lixo ap\u00f3s o uso<br>&#8211; Lave as m\u00e3os frequentemente com \u00e1gua e sab\u00e3o<br>&#8211; Evite tocar olhos, nariz e boca<br>&#8211; N\u00e3o compartilhe objetos de uso pessoal<br>&#8211; Evite locais com grandes aglomera\u00e7\u00f5es<br>&#8211; Utilize \u00e1lcool em gel<\/p>\n\n\n\n<p><\/p>\n","protected":false},"excerpt":{"rendered":"<p>Com a amea\u00e7a do Coronav\u00edrus em todo o pa\u00eds, \u00e9 importante ficar atento \u00e0s medidas de precau\u00e7\u00e3o adequadas. A Prefeitura<\/p>\n","protected":false},"author":1,"featured_media":3179,"comment_status":"closed","ping_status":"closed","sticky":false,"template":"","format":"standard","meta":{"_mi_skip_tracking":false,"footnotes":""},"categories":[275],"tags":[],"class_list":["post-11439","post","type-post","status-publish","format-standard","has-post-thumbnail","hentry","category-saude"],"_links":{"self":[{"href":"https:\/\/www.silvajardim.rj.gov.br\/index.php\/wp-json\/wp\/v2\/posts\/11439","targetHints":{"allow":["GET"]}}],"collection":[{"href":"https:\/\/www.silvajardim.rj.gov.br\/index.php\/wp-json\/wp\/v2\/posts"}],"about":[{"href":"https:\/\/www.silvajardim.rj.gov.br\/index.php\/wp-json\/wp\/v2\/types\/post"}],"author":[{"embeddable":true,"href":"https:\/\/www.silvajardim.rj.gov.br\/index.php\/wp-json\/wp\/v2\/users\/1"}],"replies":[{"embeddable":true,"href":"https:\/\/www.silvajardim.rj.gov.br\/index.php\/wp-json\/wp\/v2\/comments?post=11439"}],"version-history":[{"count":0,"href":"https:\/\/www.silvajardim.rj.gov.br\/index.php\/wp-json\/wp\/v2\/posts\/11439\/revisions"}],"wp:featuredmedia":[{"embeddable":true,"href":"https:\/\/www.silvajardim.rj.gov.br\/index.php\/wp-json\/"}],"wp:attachment":[{"href":"https:\/\/www.silvajardim.rj.gov.br\/index.php\/wp-json\/wp\/v2\/media?parent=11439"}],"wp:term":[{"taxonomy":"category","embeddable":true,"href":"https:\/\/www.silvajardim.rj.gov.br\/index.php\/wp-json\/wp\/v2\/categories?post=11439"},{"taxonomy":"post_tag","embeddable":true,"href":"https:\/\/www.silvajardim.rj.gov.br\/index.php\/wp-json\/wp\/v2\/tags?post=11439"}],"curies":[{"name":"wp","href":"https:\/\/api.w.org\/{rel}","templated":true}]}}