{"id":11449,"date":"2020-03-27T12:17:11","date_gmt":"2020-03-27T15:17:11","guid":{"rendered":"https:\/\/www.silvajardim.rj.gov.br\/?p=3209"},"modified":"2020-03-27T12:17:11","modified_gmt":"2020-03-27T15:17:11","slug":"estado-de-alerta-devido-a-forte-chuva-que-atinge-o-municipio","status":"publish","type":"post","link":"https:\/\/www.silvajardim.rj.gov.br\/index.php\/2020\/03\/27\/estado-de-alerta-devido-a-forte-chuva-que-atinge-o-municipio\/","title":{"rendered":"ESTADO DE ALERTA DEVIDO A FORTE CHUVA QUE ATINGE O MUNIC\u00cdPIO"},"content":{"rendered":"\n<p>A Prefeitura de Silva Jardim, atrav\u00e9s da Subsecretaria Municipal de Defesa Civil declarou ESTADO DE ALERTA, devido a forte chuva que atinge o munic\u00edpio nesta ter\u00e7a-feira (17). A cidade j\u00e1 registra diversos pontos de alagamentos e deslizamentos de terra. Qualquer emerg\u00eancia entre em contato com a Defesa Civil atrav\u00e9s dos n\u00fameros 199 ou 2668-1920.<\/p>\n\n\n\n<figure class=\"wp-block-image size-large\"><img decoding=\"async\" src=\"https:\/\/www.silvajardim.rj.gov.br\/wp-content\/uploads\/2020\/03\/90087451_2829760443746142_2535828943022325760_o.jpg\" alt=\"\" class=\"wp-image-3210\"\/><\/figure>\n","protected":false},"excerpt":{"rendered":"<p>A Prefeitura de Silva Jardim, atrav\u00e9s da Subsecretaria Municipal de Defesa Civil declarou ESTADO DE ALERTA, devido a forte chuva<\/p>\n","protected":false},"author":1,"featured_media":3210,"comment_status":"closed","ping_status":"closed","sticky":false,"template":"","format":"standard","meta":{"_mi_skip_tracking":false,"footnotes":""},"categories":[285,273],"tags":[],"class_list":["post-11449","post","type-post","status-publish","format-standard","has-post-thumbnail","hentry","category-defesa-civil","category-prefeitura"],"_links":{"self":[{"href":"https:\/\/www.silvajardim.rj.gov.br\/index.php\/wp-json\/wp\/v2\/posts\/11449","targetHints":{"allow":["GET"]}}],"collection":[{"href":"https:\/\/www.silvajardim.rj.gov.br\/index.php\/wp-json\/wp\/v2\/posts"}],"about":[{"href":"https:\/\/www.silvajardim.rj.gov.br\/index.php\/wp-json\/wp\/v2\/types\/post"}],"author":[{"embeddable":true,"href":"https:\/\/www.silvajardim.rj.gov.br\/index.php\/wp-json\/wp\/v2\/users\/1"}],"replies":[{"embeddable":true,"href":"https:\/\/www.silvajardim.rj.gov.br\/index.php\/wp-json\/wp\/v2\/comments?post=11449"}],"version-history":[{"count":0,"href":"https:\/\/www.silvajardim.rj.gov.br\/index.php\/wp-json\/wp\/v2\/posts\/11449\/revisions"}],"wp:featuredmedia":[{"embeddable":true,"href":"https:\/\/www.silvajardim.rj.gov.br\/index.php\/wp-json\/"}],"wp:attachment":[{"href":"https:\/\/www.silvajardim.rj.gov.br\/index.php\/wp-json\/wp\/v2\/media?parent=11449"}],"wp:term":[{"taxonomy":"category","embeddable":true,"href":"https:\/\/www.silvajardim.rj.gov.br\/index.php\/wp-json\/wp\/v2\/categories?post=11449"},{"taxonomy":"post_tag","embeddable":true,"href":"https:\/\/www.silvajardim.rj.gov.br\/index.php\/wp-json\/wp\/v2\/tags?post=11449"}],"curies":[{"name":"wp","href":"https:\/\/api.w.org\/{rel}","templated":true}]}}