{"id":11454,"date":"2020-03-27T12:45:48","date_gmt":"2020-03-27T15:45:48","guid":{"rendered":"https:\/\/www.silvajardim.rj.gov.br\/?p=3247"},"modified":"2020-03-27T12:45:48","modified_gmt":"2020-03-27T15:45:48","slug":"nota-de-esclarecimento-3","status":"publish","type":"post","link":"https:\/\/www.silvajardim.rj.gov.br\/index.php\/2020\/03\/27\/nota-de-esclarecimento-3\/","title":{"rendered":"NOTA DE ESCLARECIMENTO"},"content":{"rendered":"\n<p>A Prefeitura de Silva Jardim esclarece a popula\u00e7\u00e3o que o fechamento das vias secund\u00e1rias, tem como objetivo limitar o acesso ao Munic\u00edpio, exclusivamente, pela RJ-140. Equipes de fiscaliza\u00e7\u00e3o est\u00e3o apostas na principal via que da acesso a cidade para impedir a entrada de pessoas que n\u00e3o residem no Munic\u00edpio, al\u00e9m de bloquear a passagem de ve\u00edculos que utilizam a RJ-140 para escapar de ped\u00e1gios, em dire\u00e7\u00e3o a Regi\u00e3o dos Lagos e a BR-101. A medida foi tomada por conta do Decreto 2148\/2020, referente \u00e0 situa\u00e7\u00e3o de emerg\u00eancia em virtude da Pandemia do Novo Coronav\u00edrus (COVID-19).<\/p>\n\n\n\n<p>Esclarecemos ainda, que nenhum bairro ter\u00e1 seu acesso interrompido e os servi\u00e7os essenciais ser\u00e3o mantidos. Por\u00e9m, os moradores ter\u00e3o de apresentar um comprovante de resid\u00eancia para ter livre acesso ao seu bairro.<\/p>\n\n\n\n<p>Link para download do Decreto 2148\/2020 na \u00edntegra:&nbsp;<a rel=\"noreferrer noopener\" href=\"https:\/\/bit.ly\/39aZUxd?fbclid=IwAR3zapgk5WCeTt-OEPD-o3_7yVKI5DREtnlg7dqZs59jn-QIRCsxKvwNseM\" target=\"_blank\">https:\/\/bit.ly\/39aZUxd<\/a><\/p>\n\n\n\n<figure class=\"wp-block-image size-large\"><img decoding=\"async\" src=\"https:\/\/www.silvajardim.rj.gov.br\/wp-content\/uploads\/2020\/03\/90420070_2839173056138214_5012847289702547456_o.jpg\" alt=\"\" class=\"wp-image-3248\"\/><\/figure>\n","protected":false},"excerpt":{"rendered":"<p>A Prefeitura de Silva Jardim esclarece a popula\u00e7\u00e3o que o fechamento das vias secund\u00e1rias, tem como objetivo limitar o acesso<\/p>\n","protected":false},"author":1,"featured_media":3248,"comment_status":"closed","ping_status":"closed","sticky":false,"template":"","format":"standard","meta":{"_mi_skip_tracking":false,"footnotes":""},"categories":[273],"tags":[],"class_list":["post-11454","post","type-post","status-publish","format-standard","has-post-thumbnail","hentry","category-prefeitura"],"_links":{"self":[{"href":"https:\/\/www.silvajardim.rj.gov.br\/index.php\/wp-json\/wp\/v2\/posts\/11454","targetHints":{"allow":["GET"]}}],"collection":[{"href":"https:\/\/www.silvajardim.rj.gov.br\/index.php\/wp-json\/wp\/v2\/posts"}],"about":[{"href":"https:\/\/www.silvajardim.rj.gov.br\/index.php\/wp-json\/wp\/v2\/types\/post"}],"author":[{"embeddable":true,"href":"https:\/\/www.silvajardim.rj.gov.br\/index.php\/wp-json\/wp\/v2\/users\/1"}],"replies":[{"embeddable":true,"href":"https:\/\/www.silvajardim.rj.gov.br\/index.php\/wp-json\/wp\/v2\/comments?post=11454"}],"version-history":[{"count":0,"href":"https:\/\/www.silvajardim.rj.gov.br\/index.php\/wp-json\/wp\/v2\/posts\/11454\/revisions"}],"wp:featuredmedia":[{"embeddable":true,"href":"https:\/\/www.silvajardim.rj.gov.br\/index.php\/wp-json\/"}],"wp:attachment":[{"href":"https:\/\/www.silvajardim.rj.gov.br\/index.php\/wp-json\/wp\/v2\/media?parent=11454"}],"wp:term":[{"taxonomy":"category","embeddable":true,"href":"https:\/\/www.silvajardim.rj.gov.br\/index.php\/wp-json\/wp\/v2\/categories?post=11454"},{"taxonomy":"post_tag","embeddable":true,"href":"https:\/\/www.silvajardim.rj.gov.br\/index.php\/wp-json\/wp\/v2\/tags?post=11454"}],"curies":[{"name":"wp","href":"https:\/\/api.w.org\/{rel}","templated":true}]}}