{"id":11455,"date":"2020-03-27T12:46:54","date_gmt":"2020-03-27T15:46:54","guid":{"rendered":"https:\/\/www.silvajardim.rj.gov.br\/?p=3250"},"modified":"2020-03-27T12:46:54","modified_gmt":"2020-03-27T15:46:54","slug":"campanha-de-vacinacao-contra-a-gripe-comeca-nesta-segunda-feira","status":"publish","type":"post","link":"https:\/\/www.silvajardim.rj.gov.br\/index.php\/2020\/03\/27\/campanha-de-vacinacao-contra-a-gripe-comeca-nesta-segunda-feira\/","title":{"rendered":"CAMPANHA DE VACINA\u00c7\u00c3O CONTRA A GRIPE COME\u00c7A NESTA SEGUNDA-FEIRA"},"content":{"rendered":"\n<p>A Prefeitura de Silva Jardim, atrav\u00e9s da Secretaria Municipal de Sa\u00fade e Assist\u00eancia Social informa que come\u00e7a nesta segunda-feira (23), a Campanha Nacional de Vacina\u00e7\u00e3o Contra a Gripe. A imuniza\u00e7\u00e3o foi antecipada em raz\u00e3o da Pandemia do Novo Coronav\u00edrus (COVID-19). A campanha ter\u00e1 tr\u00eas fases destinadas a grupos priorit\u00e1rios considerados mais vulner\u00e1veis aos v\u00edrus que causam a gripe (Influenza A-H1N1, Influenza A-H3N2 e Influenza B).<\/p>\n\n\n\n<p>Na primeira fase, o foco inicial ser\u00e1 os idosos a partir de 60 anos e profissionais da \u00e1rea de sa\u00fade. A partir de 16 de abril, professores, doentes cr\u00f4nicos e profissionais das for\u00e7as de seguran\u00e7a e salvamento ser\u00e3o inclu\u00eddos. Do dia 9 de maio em diante, crian\u00e7as, gr\u00e1vidas e demais p\u00fablicos tamb\u00e9m poder\u00e3o tomar suas doses. A campanha, que termina no dia 22 de maio, tem como meta vacinar 90% do p\u00fablico-alvo.<\/p>\n\n\n\n<p>Os profissionais de sa\u00fade devem procurar as Unidades B\u00e1sicas de Sa\u00fade (UBS) para receber a imuniza\u00e7\u00e3o. J\u00e1 os idosos, fiquem em casa! Pois a equipe de sa\u00fade ir\u00e1 at\u00e9 a sua resid\u00eancia. O objetivo \u00e9 evitar aglomera\u00e7\u00f5es e minimizar a exposi\u00e7\u00e3o do grupo de risco.<\/p>\n\n\n\n<figure class=\"wp-block-image size-large\"><img decoding=\"async\" src=\"https:\/\/www.silvajardim.rj.gov.br\/wp-content\/uploads\/2020\/03\/90226894_2840854345970085_2578611387135688704_n.jpg\" alt=\"\" class=\"wp-image-3251\"\/><\/figure>\n","protected":false},"excerpt":{"rendered":"<p>A Prefeitura de Silva Jardim, atrav\u00e9s da Secretaria Municipal de Sa\u00fade e Assist\u00eancia Social informa que come\u00e7a nesta segunda-feira (23),<\/p>\n","protected":false},"author":1,"featured_media":3251,"comment_status":"closed","ping_status":"closed","sticky":false,"template":"","format":"standard","meta":{"_mi_skip_tracking":false,"footnotes":""},"categories":[275],"tags":[],"class_list":["post-11455","post","type-post","status-publish","format-standard","has-post-thumbnail","hentry","category-saude"],"_links":{"self":[{"href":"https:\/\/www.silvajardim.rj.gov.br\/index.php\/wp-json\/wp\/v2\/posts\/11455","targetHints":{"allow":["GET"]}}],"collection":[{"href":"https:\/\/www.silvajardim.rj.gov.br\/index.php\/wp-json\/wp\/v2\/posts"}],"about":[{"href":"https:\/\/www.silvajardim.rj.gov.br\/index.php\/wp-json\/wp\/v2\/types\/post"}],"author":[{"embeddable":true,"href":"https:\/\/www.silvajardim.rj.gov.br\/index.php\/wp-json\/wp\/v2\/users\/1"}],"replies":[{"embeddable":true,"href":"https:\/\/www.silvajardim.rj.gov.br\/index.php\/wp-json\/wp\/v2\/comments?post=11455"}],"version-history":[{"count":0,"href":"https:\/\/www.silvajardim.rj.gov.br\/index.php\/wp-json\/wp\/v2\/posts\/11455\/revisions"}],"wp:featuredmedia":[{"embeddable":true,"href":"https:\/\/www.silvajardim.rj.gov.br\/index.php\/wp-json\/"}],"wp:attachment":[{"href":"https:\/\/www.silvajardim.rj.gov.br\/index.php\/wp-json\/wp\/v2\/media?parent=11455"}],"wp:term":[{"taxonomy":"category","embeddable":true,"href":"https:\/\/www.silvajardim.rj.gov.br\/index.php\/wp-json\/wp\/v2\/categories?post=11455"},{"taxonomy":"post_tag","embeddable":true,"href":"https:\/\/www.silvajardim.rj.gov.br\/index.php\/wp-json\/wp\/v2\/tags?post=11455"}],"curies":[{"name":"wp","href":"https:\/\/api.w.org\/{rel}","templated":true}]}}