{"id":11472,"date":"2020-03-30T23:26:49","date_gmt":"2020-03-31T02:26:49","guid":{"rendered":"https:\/\/www.silvajardim.rj.gov.br\/?p=3399"},"modified":"2020-03-30T23:26:49","modified_gmt":"2020-03-31T02:26:49","slug":"prazo-para-pagamento-do-iptu-foi-prorrogado","status":"publish","type":"post","link":"https:\/\/www.silvajardim.rj.gov.br\/index.php\/2020\/03\/30\/prazo-para-pagamento-do-iptu-foi-prorrogado\/","title":{"rendered":"PRAZO PARA PAGAMENTO DO IPTU FOI PRORROGADO"},"content":{"rendered":"\n<figure class=\"wp-block-image size-large\"><img decoding=\"async\" src=\"https:\/\/www.silvajardim.rj.gov.br\/wp-content\/uploads\/2020\/03\/IPTU-PRORROGADO-1024x1024.png\" alt=\"\" class=\"wp-image-3400\"\/><\/figure>\n\n\n\n<p>A Prefeitura de Silva Jardim, atrav\u00e9s da Secretaria Municipal de Fazenda informa a popula\u00e7\u00e3o que os prazos de vencimento para o pagamento do IPTU em cota \u00fanica e da primeira cota do parcelamento foram prorrogados at\u00e9 o dia 30 de abril, em raz\u00e3o da Pandemia do Novo Coronav\u00edrus (COVID-19). O desconto para pagamento em cota \u00fanica do IPTU do exerc\u00edcio de 2020, ser\u00e1 de 50% (cinquenta por cento) para as unidades cadastrais imobili\u00e1rias sem d\u00e9bitos de exerc\u00edcios anteriores.<\/p>\n","protected":false},"excerpt":{"rendered":"<p>A Prefeitura de Silva Jardim, atrav\u00e9s da Secretaria Municipal de Fazenda informa a popula\u00e7\u00e3o que os prazos de vencimento para<\/p>\n","protected":false},"author":1,"featured_media":3400,"comment_status":"closed","ping_status":"closed","sticky":false,"template":"","format":"standard","meta":{"_mi_skip_tracking":false,"footnotes":""},"categories":[289,273],"tags":[],"class_list":["post-11472","post","type-post","status-publish","format-standard","has-post-thumbnail","hentry","category-fazenda","category-prefeitura"],"_links":{"self":[{"href":"https:\/\/www.silvajardim.rj.gov.br\/index.php\/wp-json\/wp\/v2\/posts\/11472","targetHints":{"allow":["GET"]}}],"collection":[{"href":"https:\/\/www.silvajardim.rj.gov.br\/index.php\/wp-json\/wp\/v2\/posts"}],"about":[{"href":"https:\/\/www.silvajardim.rj.gov.br\/index.php\/wp-json\/wp\/v2\/types\/post"}],"author":[{"embeddable":true,"href":"https:\/\/www.silvajardim.rj.gov.br\/index.php\/wp-json\/wp\/v2\/users\/1"}],"replies":[{"embeddable":true,"href":"https:\/\/www.silvajardim.rj.gov.br\/index.php\/wp-json\/wp\/v2\/comments?post=11472"}],"version-history":[{"count":0,"href":"https:\/\/www.silvajardim.rj.gov.br\/index.php\/wp-json\/wp\/v2\/posts\/11472\/revisions"}],"wp:featuredmedia":[{"embeddable":true,"href":"https:\/\/www.silvajardim.rj.gov.br\/index.php\/wp-json\/"}],"wp:attachment":[{"href":"https:\/\/www.silvajardim.rj.gov.br\/index.php\/wp-json\/wp\/v2\/media?parent=11472"}],"wp:term":[{"taxonomy":"category","embeddable":true,"href":"https:\/\/www.silvajardim.rj.gov.br\/index.php\/wp-json\/wp\/v2\/categories?post=11472"},{"taxonomy":"post_tag","embeddable":true,"href":"https:\/\/www.silvajardim.rj.gov.br\/index.php\/wp-json\/wp\/v2\/tags?post=11472"}],"curies":[{"name":"wp","href":"https:\/\/api.w.org\/{rel}","templated":true}]}}