{"id":11484,"date":"2020-04-16T16:45:54","date_gmt":"2020-04-16T19:45:54","guid":{"rendered":"https:\/\/www.silvajardim.rj.gov.br\/?p=3498"},"modified":"2020-04-16T16:45:54","modified_gmt":"2020-04-16T19:45:54","slug":"plataforma-com-atividades-complementares-esta-disponivel","status":"publish","type":"post","link":"https:\/\/www.silvajardim.rj.gov.br\/index.php\/2020\/04\/16\/plataforma-com-atividades-complementares-esta-disponivel\/","title":{"rendered":"PLATAFORMA COM ATIVIDADES COMPLEMENTARES EST\u00c1 DISPON\u00cdVEL"},"content":{"rendered":"\n<p>ATEN\u00c7\u00c3O<br>Alunos e Respons\u00e1veis<\/p>\n\n\n\n<p>A Prefeitura de Silva Jardim, atrav\u00e9s da Secretaria Municipal de Educa\u00e7\u00e3o, Ci\u00eancia e Tecnologia criou uma plataforma com atividades complementares pensando nas fam\u00edlias e na aprendizagem dos alunos nesse momento de suspens\u00e3o das aulas.<\/p>\n\n\n\n<p>A plataforma com as atividades pode ser acessada pelo link:<br><a href=\"https:\/\/l.facebook.com\/l.php?u=https%3A%2F%2Fsemectsj.wixsite.com%2Fativcomplementares%3Ffbclid%3DIwAR1EHsPyeSF-Cm6sehqQeYTrrQ9S8QSePljw2DEvDhLWlLSzt2QI1E8zXpg&amp;h=AT15rYAIjeMqMOsfDWTYlzzCIOLElM4ZO_TEmsQHtpilWjlIQvjTkXSJYAeI0i2ICpRyUpHF14I92Sg4_eftgbY3u7MbkSFsoZf-NzjZfHxZWxRI8p0wzUpvAdSRGuX_0jFv_MfXqT6kzWUFvo17ieeLoHUhrlArpnctawAFpwbXYaK9ix-b23m-W2XyKAD43hgntkysyaV_zJWLOLc2C24cmzKeVr8MJ9kYVo4FwrLvTRoqZ8cdUMswGo2MRJ__aYoN4rA3Zh5yyKeQbT5OtLF7Q73t99gIp4po0GtRTBZJmNAgrDsl4AppU6ouaq-fCzhSvRFllIFTwcywZlNJAy-n2htTLffE59kqIuAq2acUEfz-ZxifG4hnWQ6d3TRQm0qXFbvZPSIwbessnS1MjUQsnefvgtXhzvyois7i7y70WcpwHrwMRkiY8FImZ5gCdbsZeYFEXp_mRTORit3tsRHHkYy4L42putyBE6tbqnLPnIg-6FSeFNjYYW6C1yUDhtd0xm4vrENPSHUDkWvAzdXqekn8jrxl62MtAe39ucxDTNAMBDcxbEAVANSH5uGcFVbqW-6Raq8jXQmXyN-x6TDOc0W0ZzZYw2el6bbqMo69MaF3xw77NV7JtMNsPfKlvkE\" target=\"_blank\" rel=\"noreferrer noopener\">https:\/\/semectsj.wixsite.com\/ativcomplementares<\/a><\/p>\n\n\n\n<p>Em rela\u00e7\u00e3o \u00e0s d\u00favidas e observa\u00e7\u00f5es, poder\u00e3o ser retiradas com os professores atrav\u00e9s do email: contatoplataformasemecsj@gmail.com<\/p>\n\n\n\n<figure class=\"wp-block-image size-large\"><img decoding=\"async\" src=\"https:\/\/www.silvajardim.rj.gov.br\/wp-content\/uploads\/2020\/04\/91698132_2868378029884383_6106419128032034816_o.jpg\" alt=\"\" class=\"wp-image-3499\" \/><\/figure>\n","protected":false},"excerpt":{"rendered":"<p>ATEN\u00c7\u00c3OAlunos e Respons\u00e1veis A Prefeitura de Silva Jardim, atrav\u00e9s da Secretaria Municipal de Educa\u00e7\u00e3o, Ci\u00eancia e Tecnologia criou uma plataforma<\/p>\n","protected":false},"author":1,"featured_media":0,"comment_status":"closed","ping_status":"closed","sticky":false,"template":"","format":"standard","meta":{"_mi_skip_tracking":false,"footnotes":""},"categories":[286],"tags":[],"class_list":["post-11484","post","type-post","status-publish","format-standard","hentry","category-educacao"],"_links":{"self":[{"href":"https:\/\/www.silvajardim.rj.gov.br\/index.php\/wp-json\/wp\/v2\/posts\/11484","targetHints":{"allow":["GET"]}}],"collection":[{"href":"https:\/\/www.silvajardim.rj.gov.br\/index.php\/wp-json\/wp\/v2\/posts"}],"about":[{"href":"https:\/\/www.silvajardim.rj.gov.br\/index.php\/wp-json\/wp\/v2\/types\/post"}],"author":[{"embeddable":true,"href":"https:\/\/www.silvajardim.rj.gov.br\/index.php\/wp-json\/wp\/v2\/users\/1"}],"replies":[{"embeddable":true,"href":"https:\/\/www.silvajardim.rj.gov.br\/index.php\/wp-json\/wp\/v2\/comments?post=11484"}],"version-history":[{"count":0,"href":"https:\/\/www.silvajardim.rj.gov.br\/index.php\/wp-json\/wp\/v2\/posts\/11484\/revisions"}],"wp:attachment":[{"href":"https:\/\/www.silvajardim.rj.gov.br\/index.php\/wp-json\/wp\/v2\/media?parent=11484"}],"wp:term":[{"taxonomy":"category","embeddable":true,"href":"https:\/\/www.silvajardim.rj.gov.br\/index.php\/wp-json\/wp\/v2\/categories?post=11484"},{"taxonomy":"post_tag","embeddable":true,"href":"https:\/\/www.silvajardim.rj.gov.br\/index.php\/wp-json\/wp\/v2\/tags?post=11484"}],"curies":[{"name":"wp","href":"https:\/\/api.w.org\/{rel}","templated":true}]}}