{"id":11486,"date":"2020-04-17T13:41:56","date_gmt":"2020-04-17T16:41:56","guid":{"rendered":"https:\/\/www.silvajardim.rj.gov.br\/?p=3533"},"modified":"2020-04-17T13:41:56","modified_gmt":"2020-04-17T16:41:56","slug":"prefeitura-realiza-limpeza-de-corregos-e-valas-no-romanopolis","status":"publish","type":"post","link":"https:\/\/www.silvajardim.rj.gov.br\/index.php\/2020\/04\/17\/prefeitura-realiza-limpeza-de-corregos-e-valas-no-romanopolis\/","title":{"rendered":"PREFEITURA REALIZA LIMPEZA DE C\u00d3RREGOS E VALAS NO ROMAN\u00d3POLIS"},"content":{"rendered":"\n<p>A Prefeitura de Silva Jardim, atrav\u00e9s da Subsecretaria Municipal de Servi\u00e7os P\u00fablicos e Manuten\u00e7\u00e3o, realizou nesta semana a limpeza de c\u00f3rregos e valas, no bairro Roman\u00f3polis. O trabalho foi realizado com o aux\u00edlio de uma m\u00e1quina retroescavadeira.<\/p>\n\n\n\n<figure class=\"wp-block-image size-large\"><img decoding=\"async\" src=\"https:\/\/www.silvajardim.rj.gov.br\/wp-content\/uploads\/2020\/04\/WhatsApp-Image-2020-04-17-at-11.30.29-1-768x1024.jpeg\" alt=\"\" class=\"wp-image-3541\"\/><\/figure>\n\n\n\n<figure class=\"wp-block-image\"><img decoding=\"async\" src=\"https:\/\/www.silvajardim.rj.gov.br\/wp-content\/uploads\/2020\/04\/WhatsApp-Image-2020-04-17-at-11.30.29-2-768x1024.jpeg\" alt=\"\" class=\"wp-image-3534\"\/><\/figure>\n\n\n\n<figure class=\"wp-block-image size-large\"><img decoding=\"async\" src=\"https:\/\/www.silvajardim.rj.gov.br\/wp-content\/uploads\/2020\/04\/WhatsApp-Image-2020-04-17-at-11.30.30-1-1-768x1024.jpeg\" alt=\"\" class=\"wp-image-3542\"\/><\/figure>\n\n\n\n<figure class=\"wp-block-image size-large\"><img decoding=\"async\" src=\"https:\/\/www.silvajardim.rj.gov.br\/wp-content\/uploads\/2020\/04\/WhatsApp-Image-2020-04-17-at-11.30.30-768x1024.jpeg\" alt=\"\" class=\"wp-image-3538\"\/><\/figure>\n\n\n\n<figure class=\"wp-block-image size-large\"><img decoding=\"async\" src=\"https:\/\/www.silvajardim.rj.gov.br\/wp-content\/uploads\/2020\/04\/WhatsApp-Image-2020-04-17-at-11.30.31-768x1024.jpeg\" alt=\"\" class=\"wp-image-3540\"\/><\/figure>\n","protected":false},"excerpt":{"rendered":"<p>A Prefeitura de Silva Jardim, atrav\u00e9s da Subsecretaria Municipal de Servi\u00e7os P\u00fablicos e Manuten\u00e7\u00e3o, realizou nesta semana a limpeza de<\/p>\n","protected":false},"author":1,"featured_media":3541,"comment_status":"closed","ping_status":"closed","sticky":false,"template":"","format":"standard","meta":{"_mi_skip_tracking":false,"footnotes":""},"categories":[277],"tags":[],"class_list":["post-11486","post","type-post","status-publish","format-standard","has-post-thumbnail","hentry","category-obras-e-servicos-publicos"],"_links":{"self":[{"href":"https:\/\/www.silvajardim.rj.gov.br\/index.php\/wp-json\/wp\/v2\/posts\/11486","targetHints":{"allow":["GET"]}}],"collection":[{"href":"https:\/\/www.silvajardim.rj.gov.br\/index.php\/wp-json\/wp\/v2\/posts"}],"about":[{"href":"https:\/\/www.silvajardim.rj.gov.br\/index.php\/wp-json\/wp\/v2\/types\/post"}],"author":[{"embeddable":true,"href":"https:\/\/www.silvajardim.rj.gov.br\/index.php\/wp-json\/wp\/v2\/users\/1"}],"replies":[{"embeddable":true,"href":"https:\/\/www.silvajardim.rj.gov.br\/index.php\/wp-json\/wp\/v2\/comments?post=11486"}],"version-history":[{"count":0,"href":"https:\/\/www.silvajardim.rj.gov.br\/index.php\/wp-json\/wp\/v2\/posts\/11486\/revisions"}],"wp:featuredmedia":[{"embeddable":true,"href":"https:\/\/www.silvajardim.rj.gov.br\/index.php\/wp-json\/"}],"wp:attachment":[{"href":"https:\/\/www.silvajardim.rj.gov.br\/index.php\/wp-json\/wp\/v2\/media?parent=11486"}],"wp:term":[{"taxonomy":"category","embeddable":true,"href":"https:\/\/www.silvajardim.rj.gov.br\/index.php\/wp-json\/wp\/v2\/categories?post=11486"},{"taxonomy":"post_tag","embeddable":true,"href":"https:\/\/www.silvajardim.rj.gov.br\/index.php\/wp-json\/wp\/v2\/tags?post=11486"}],"curies":[{"name":"wp","href":"https:\/\/api.w.org\/{rel}","templated":true}]}}