{"id":11488,"date":"2020-04-18T14:02:08","date_gmt":"2020-04-18T17:02:08","guid":{"rendered":"https:\/\/www.silvajardim.rj.gov.br\/?p=3551"},"modified":"2020-04-18T14:02:08","modified_gmt":"2020-04-18T17:02:08","slug":"atualizacao-do-boletim-epidemiologico-novo-coronavirus-covid-19-2","status":"publish","type":"post","link":"https:\/\/www.silvajardim.rj.gov.br\/index.php\/2020\/04\/18\/atualizacao-do-boletim-epidemiologico-novo-coronavirus-covid-19-2\/","title":{"rendered":"ATUALIZA\u00c7\u00c3O DO BOLETIM EPIDEMIOL\u00d3GICO &#8211; NOVO CORONAV\u00cdRUS (COVID-19)"},"content":{"rendered":"\n<p>A Prefeitura de Silva Jardim, atrav\u00e9s da Secretaria Municipal de Sa\u00fade e Assist\u00eancia Social informa \u00e0 popula\u00e7\u00e3o que, at\u00e9 o momento, j\u00e1 foram realizadas quatorze coletas no Munic\u00edpio, para o exame do Novo Coronav\u00edrus (COVID-19). Os materiais coletados j\u00e1 foram enviados para o Laborat\u00f3rio Central Noel Nutels (LACEN-RJ). Oito resultados foram descartados para o Covid-19. Quatro seguem em an\u00e1lise aguardando o resultado. <\/p>\n\n\n\n<p>Neste s\u00e1bado (18), recebemos o resultado\nde mais um exame que testou positivo para o Covid-19. Portanto, temos dois casos\nconfirmados da doen\u00e7a no Munic\u00edpio de Silva Jardim. Informamos que os pacientes\nencontram-se em isolamento domiciliar, sendo acompanhados pela Vigil\u00e2ncia\nEpidemiol\u00f3gica. Afirmamos ainda, que vamos continuar seguindo as recomenda\u00e7\u00f5es\ndo Minist\u00e9rio da Sa\u00fade, adotando todas as medidas de preven\u00e7\u00e3o necess\u00e1rias.<\/p>\n\n\n\n<p>Em an\u00e1lise, aguardando resultado: 04<\/p>\n\n\n\n<p>Resultados negativos ou descartados: 08<\/p>\n\n\n\n<p>Casos Confirmados: 02<\/p>\n\n\n\n<p>Total de exames coletados: 14<\/p>\n\n\n\n<figure class=\"wp-block-image size-large\"><img decoding=\"async\" src=\"https:\/\/www.silvajardim.rj.gov.br\/wp-content\/uploads\/2020\/04\/BOLETIM-CORONA-18042020-1024x1024.png\" alt=\"\" class=\"wp-image-3552\"\/><\/figure>\n","protected":false},"excerpt":{"rendered":"<p>A Prefeitura de Silva Jardim, atrav\u00e9s da Secretaria Municipal de Sa\u00fade e Assist\u00eancia Social informa \u00e0 popula\u00e7\u00e3o que, at\u00e9 o<\/p>\n","protected":false},"author":1,"featured_media":3552,"comment_status":"closed","ping_status":"closed","sticky":false,"template":"","format":"standard","meta":{"_mi_skip_tracking":false,"footnotes":""},"categories":[275],"tags":[],"class_list":["post-11488","post","type-post","status-publish","format-standard","has-post-thumbnail","hentry","category-saude"],"_links":{"self":[{"href":"https:\/\/www.silvajardim.rj.gov.br\/index.php\/wp-json\/wp\/v2\/posts\/11488","targetHints":{"allow":["GET"]}}],"collection":[{"href":"https:\/\/www.silvajardim.rj.gov.br\/index.php\/wp-json\/wp\/v2\/posts"}],"about":[{"href":"https:\/\/www.silvajardim.rj.gov.br\/index.php\/wp-json\/wp\/v2\/types\/post"}],"author":[{"embeddable":true,"href":"https:\/\/www.silvajardim.rj.gov.br\/index.php\/wp-json\/wp\/v2\/users\/1"}],"replies":[{"embeddable":true,"href":"https:\/\/www.silvajardim.rj.gov.br\/index.php\/wp-json\/wp\/v2\/comments?post=11488"}],"version-history":[{"count":0,"href":"https:\/\/www.silvajardim.rj.gov.br\/index.php\/wp-json\/wp\/v2\/posts\/11488\/revisions"}],"wp:featuredmedia":[{"embeddable":true,"href":"https:\/\/www.silvajardim.rj.gov.br\/index.php\/wp-json\/"}],"wp:attachment":[{"href":"https:\/\/www.silvajardim.rj.gov.br\/index.php\/wp-json\/wp\/v2\/media?parent=11488"}],"wp:term":[{"taxonomy":"category","embeddable":true,"href":"https:\/\/www.silvajardim.rj.gov.br\/index.php\/wp-json\/wp\/v2\/categories?post=11488"},{"taxonomy":"post_tag","embeddable":true,"href":"https:\/\/www.silvajardim.rj.gov.br\/index.php\/wp-json\/wp\/v2\/tags?post=11488"}],"curies":[{"name":"wp","href":"https:\/\/api.w.org\/{rel}","templated":true}]}}