{"id":11489,"date":"2020-04-20T14:19:41","date_gmt":"2020-04-20T17:19:41","guid":{"rendered":"https:\/\/www.silvajardim.rj.gov.br\/?p=3573"},"modified":"2020-04-20T14:19:41","modified_gmt":"2020-04-20T17:19:41","slug":"atualizacao-do-boletim-epidemiologico-novo-coronavirus-covid-19-20-04-2020","status":"publish","type":"post","link":"https:\/\/www.silvajardim.rj.gov.br\/index.php\/2020\/04\/20\/atualizacao-do-boletim-epidemiologico-novo-coronavirus-covid-19-20-04-2020\/","title":{"rendered":"ATUALIZA\u00c7\u00c3O DO BOLETIM EPIDEMIOL\u00d3GICO &#8211; NOVO CORONAV\u00cdRUS (COVID-19) \u2013 20\/04\/2020"},"content":{"rendered":"\n<figure class=\"wp-block-image size-large\"><img decoding=\"async\" src=\"https:\/\/www.silvajardim.rj.gov.br\/wp-content\/uploads\/2020\/04\/BOLETIM-CORONA-20042020-novo-1024x1024.jpg\" alt=\"\" class=\"wp-image-3574\"\/><\/figure>\n\n\n\n<p>A Prefeitura de Silva Jardim, atrav\u00e9s da\nSecretaria Municipal de Sa\u00fade e Assist\u00eancia Social informa \u00e0 popula\u00e7\u00e3o que, at\u00e9\no momento, j\u00e1 foram notificados 106 casos de s\u00edndrome gripal no Munic\u00edpio. Oito\ncasos suspeitos para o Novo Coronav\u00edrus (COVID-19) foram descartados. Quatro\nseguem em an\u00e1lise, aguardando o resultado do exame. <\/p>\n\n\n\n<p>Nesta segunda-feira (20), recebemos o\nresultado de mais um exame que testou positivo para o Covid-19. Portanto, temos\ntr\u00eas casos confirmados da doen\u00e7a no Munic\u00edpio de Silva Jardim. Informamos que os\npacientes encontram-se em isolamento domiciliar, sendo acompanhados pela\nVigil\u00e2ncia Epidemiol\u00f3gica. Afirmamos ainda, que vamos continuar seguindo as\nrecomenda\u00e7\u00f5es do Minist\u00e9rio da Sa\u00fade, adotando todas as medidas de preven\u00e7\u00e3o\nnecess\u00e1rias.<\/p>\n\n\n\n<p>Casos Notificados (S\u00edndrome Gripal): 106\n<\/p>\n\n\n\n<p>Em an\u00e1lise, aguardando resultado: 04<\/p>\n\n\n\n<p>Resultados negativos ou descartados: 08 <\/p>\n\n\n\n<p>Casos Confirmados: 03 <\/p>\n","protected":false},"excerpt":{"rendered":"<p>A Prefeitura de Silva Jardim, atrav\u00e9s da Secretaria Municipal de Sa\u00fade e Assist\u00eancia Social informa \u00e0 popula\u00e7\u00e3o que, at\u00e9 o<\/p>\n","protected":false},"author":1,"featured_media":3574,"comment_status":"closed","ping_status":"closed","sticky":false,"template":"","format":"standard","meta":{"_mi_skip_tracking":false,"footnotes":""},"categories":[275],"tags":[],"class_list":["post-11489","post","type-post","status-publish","format-standard","has-post-thumbnail","hentry","category-saude"],"_links":{"self":[{"href":"https:\/\/www.silvajardim.rj.gov.br\/index.php\/wp-json\/wp\/v2\/posts\/11489","targetHints":{"allow":["GET"]}}],"collection":[{"href":"https:\/\/www.silvajardim.rj.gov.br\/index.php\/wp-json\/wp\/v2\/posts"}],"about":[{"href":"https:\/\/www.silvajardim.rj.gov.br\/index.php\/wp-json\/wp\/v2\/types\/post"}],"author":[{"embeddable":true,"href":"https:\/\/www.silvajardim.rj.gov.br\/index.php\/wp-json\/wp\/v2\/users\/1"}],"replies":[{"embeddable":true,"href":"https:\/\/www.silvajardim.rj.gov.br\/index.php\/wp-json\/wp\/v2\/comments?post=11489"}],"version-history":[{"count":0,"href":"https:\/\/www.silvajardim.rj.gov.br\/index.php\/wp-json\/wp\/v2\/posts\/11489\/revisions"}],"wp:featuredmedia":[{"embeddable":true,"href":"https:\/\/www.silvajardim.rj.gov.br\/index.php\/wp-json\/"}],"wp:attachment":[{"href":"https:\/\/www.silvajardim.rj.gov.br\/index.php\/wp-json\/wp\/v2\/media?parent=11489"}],"wp:term":[{"taxonomy":"category","embeddable":true,"href":"https:\/\/www.silvajardim.rj.gov.br\/index.php\/wp-json\/wp\/v2\/categories?post=11489"},{"taxonomy":"post_tag","embeddable":true,"href":"https:\/\/www.silvajardim.rj.gov.br\/index.php\/wp-json\/wp\/v2\/tags?post=11489"}],"curies":[{"name":"wp","href":"https:\/\/api.w.org\/{rel}","templated":true}]}}