{"id":11509,"date":"2020-04-28T17:33:54","date_gmt":"2020-04-28T20:33:54","guid":{"rendered":"https:\/\/www.silvajardim.rj.gov.br\/?p=3711"},"modified":"2020-04-28T17:33:54","modified_gmt":"2020-04-28T20:33:54","slug":"28-de-abril-dia-mundial-da-educacao","status":"publish","type":"post","link":"https:\/\/www.silvajardim.rj.gov.br\/index.php\/2020\/04\/28\/28-de-abril-dia-mundial-da-educacao\/","title":{"rendered":"28 DE ABRIL \u2013 DIA MUNDIAL DA EDUCA\u00c7\u00c3O"},"content":{"rendered":"\n<p>\u00c9 celebrado nesta ter\u00e7a-feira (28), o Dia Mundial da Educa\u00e7\u00e3o. O acesso \u00e0 educa\u00e7\u00e3o de qualidade \u00e9 um dos direitos b\u00e1sicos de todo ser humano. O aprendizado, a possibilidade de estimular habilidades socioemocionais e o desenvolvimento da compreens\u00e3o t\u00e9cnica, da linguagem e do racioc\u00ednio s\u00e3o fatores muito importantes para os indiv\u00edduos e para a sociedade. Todo dia \u00e9 dia de educa\u00e7\u00e3o. Nesse dia, em especial, celebramos o compromisso de garantir educa\u00e7\u00e3o para todos e todas.<\/p>\n\n\n\n<p>Parab\u00e9ns a todos os Educadores!<\/p>\n\n\n\n<figure class=\"wp-block-image size-large\"><img decoding=\"async\" src=\"https:\/\/www.silvajardim.rj.gov.br\/wp-content\/uploads\/2020\/04\/DIA-MUNDIAL-EDUCACAO-1024x1024.png\" alt=\"\" class=\"wp-image-3712\"\/><\/figure>\n","protected":false},"excerpt":{"rendered":"<p>\u00c9 celebrado nesta ter\u00e7a-feira (28), o Dia Mundial da Educa\u00e7\u00e3o. O acesso \u00e0 educa\u00e7\u00e3o de qualidade \u00e9 um dos direitos<\/p>\n","protected":false},"author":1,"featured_media":3712,"comment_status":"closed","ping_status":"closed","sticky":false,"template":"","format":"standard","meta":{"_mi_skip_tracking":false,"footnotes":""},"categories":[286,273],"tags":[],"class_list":["post-11509","post","type-post","status-publish","format-standard","has-post-thumbnail","hentry","category-educacao","category-prefeitura"],"_links":{"self":[{"href":"https:\/\/www.silvajardim.rj.gov.br\/index.php\/wp-json\/wp\/v2\/posts\/11509","targetHints":{"allow":["GET"]}}],"collection":[{"href":"https:\/\/www.silvajardim.rj.gov.br\/index.php\/wp-json\/wp\/v2\/posts"}],"about":[{"href":"https:\/\/www.silvajardim.rj.gov.br\/index.php\/wp-json\/wp\/v2\/types\/post"}],"author":[{"embeddable":true,"href":"https:\/\/www.silvajardim.rj.gov.br\/index.php\/wp-json\/wp\/v2\/users\/1"}],"replies":[{"embeddable":true,"href":"https:\/\/www.silvajardim.rj.gov.br\/index.php\/wp-json\/wp\/v2\/comments?post=11509"}],"version-history":[{"count":0,"href":"https:\/\/www.silvajardim.rj.gov.br\/index.php\/wp-json\/wp\/v2\/posts\/11509\/revisions"}],"wp:featuredmedia":[{"embeddable":true,"href":"https:\/\/www.silvajardim.rj.gov.br\/index.php\/wp-json\/"}],"wp:attachment":[{"href":"https:\/\/www.silvajardim.rj.gov.br\/index.php\/wp-json\/wp\/v2\/media?parent=11509"}],"wp:term":[{"taxonomy":"category","embeddable":true,"href":"https:\/\/www.silvajardim.rj.gov.br\/index.php\/wp-json\/wp\/v2\/categories?post=11509"},{"taxonomy":"post_tag","embeddable":true,"href":"https:\/\/www.silvajardim.rj.gov.br\/index.php\/wp-json\/wp\/v2\/tags?post=11509"}],"curies":[{"name":"wp","href":"https:\/\/api.w.org\/{rel}","templated":true}]}}