{"id":11516,"date":"2020-05-01T13:38:27","date_gmt":"2020-05-01T16:38:27","guid":{"rendered":"https:\/\/www.silvajardim.rj.gov.br\/?p=3790"},"modified":"2020-05-01T13:38:27","modified_gmt":"2020-05-01T16:38:27","slug":"01-de-maio-dia-do-trabalhador","status":"publish","type":"post","link":"https:\/\/www.silvajardim.rj.gov.br\/index.php\/2020\/05\/01\/01-de-maio-dia-do-trabalhador\/","title":{"rendered":"01 DE MAIO \u2013 DIA DO TRABALHADOR"},"content":{"rendered":"\n<figure class=\"wp-block-embed-facebook wp-block-embed is-type-video is-provider-facebook\"><div class=\"wp-block-embed__wrapper\">\nhttps:\/\/www.facebook.com\/prefeiturasilvajardim\/videos\/249082176458549\/\n<\/div><\/figure>\n\n\n\n<p>Todo trabalho honesto sustenta, honra e dignifica o ser humano. N\u00f3s trabalhadores fazemos as coisas acontecerem, ou seja, a engrenagem funcionar. N\u00f3s mantemos a sociedade em andamento, em todos os aspectos do nosso cotidiano. Somos os espelhos que refletem a for\u00e7a, a responsabilidade, a dignidade e o compromisso de toda uma na\u00e7\u00e3o. Nesta data especial, a Prefeitura de Silva Jardim, deseja a todos um Feliz Dia do Trabalhador.<\/p>\n\n\n\n<p>Parab\u00e9ns a todos os trabalhadores silva-jardinenses!<\/p>\n","protected":false},"excerpt":{"rendered":"<p>Todo trabalho honesto sustenta, honra e dignifica o ser humano. N\u00f3s trabalhadores fazemos as coisas acontecerem, ou seja, a engrenagem<\/p>\n","protected":false},"author":1,"featured_media":3809,"comment_status":"closed","ping_status":"closed","sticky":false,"template":"","format":"standard","meta":{"_mi_skip_tracking":false,"footnotes":""},"categories":[273],"tags":[],"class_list":["post-11516","post","type-post","status-publish","format-standard","has-post-thumbnail","hentry","category-prefeitura"],"_links":{"self":[{"href":"https:\/\/www.silvajardim.rj.gov.br\/index.php\/wp-json\/wp\/v2\/posts\/11516","targetHints":{"allow":["GET"]}}],"collection":[{"href":"https:\/\/www.silvajardim.rj.gov.br\/index.php\/wp-json\/wp\/v2\/posts"}],"about":[{"href":"https:\/\/www.silvajardim.rj.gov.br\/index.php\/wp-json\/wp\/v2\/types\/post"}],"author":[{"embeddable":true,"href":"https:\/\/www.silvajardim.rj.gov.br\/index.php\/wp-json\/wp\/v2\/users\/1"}],"replies":[{"embeddable":true,"href":"https:\/\/www.silvajardim.rj.gov.br\/index.php\/wp-json\/wp\/v2\/comments?post=11516"}],"version-history":[{"count":0,"href":"https:\/\/www.silvajardim.rj.gov.br\/index.php\/wp-json\/wp\/v2\/posts\/11516\/revisions"}],"wp:featuredmedia":[{"embeddable":true,"href":"https:\/\/www.silvajardim.rj.gov.br\/index.php\/wp-json\/"}],"wp:attachment":[{"href":"https:\/\/www.silvajardim.rj.gov.br\/index.php\/wp-json\/wp\/v2\/media?parent=11516"}],"wp:term":[{"taxonomy":"category","embeddable":true,"href":"https:\/\/www.silvajardim.rj.gov.br\/index.php\/wp-json\/wp\/v2\/categories?post=11516"},{"taxonomy":"post_tag","embeddable":true,"href":"https:\/\/www.silvajardim.rj.gov.br\/index.php\/wp-json\/wp\/v2\/tags?post=11516"}],"curies":[{"name":"wp","href":"https:\/\/api.w.org\/{rel}","templated":true}]}}