{"id":11525,"date":"2020-05-11T16:25:42","date_gmt":"2020-05-11T19:25:42","guid":{"rendered":"https:\/\/www.silvajardim.rj.gov.br\/?p=3979"},"modified":"2020-05-11T16:25:42","modified_gmt":"2020-05-11T19:25:42","slug":"fortaleca-sua-imunidade","status":"publish","type":"post","link":"https:\/\/www.silvajardim.rj.gov.br\/index.php\/2020\/05\/11\/fortaleca-sua-imunidade\/","title":{"rendered":"FORTALE\u00c7A SUA IMUNIDADE"},"content":{"rendered":"\n<figure class=\"wp-block-image size-large\"><img decoding=\"async\" src=\"https:\/\/www.silvajardim.rj.gov.br\/wp-content\/uploads\/2020\/05\/Fortaleca-sua-imunidade-1024x1024.png\" alt=\"\" class=\"wp-image-3980\"\/><\/figure>\n\n\n\n<p>Ainda n\u00e3o h\u00e1 medicamento, vitamina, alimento ou vacina que possa impedir a infec\u00e7\u00e3o pelo Novo Coronav\u00edrus (COVID-19). Mas pessoas com baixa imunidade t\u00eam mais chances de desenvolver a forma grave da doen\u00e7a. Por isso, os cuidados s\u00e3o redobrados. Mesmo que voc\u00ea n\u00e3o esteja no grupo de risco da covid19, algumas dicas de alimenta\u00e7\u00e3o e atividades podem fortalecer a prote\u00e7\u00e3o natural do seu corpo contra qualquer doen\u00e7a. Pratique atividades f\u00edsicas, consuma alimentos leves e saud\u00e1veis, alem de frutas ricas em Vitamina C. Busque sempre fortalecer a sua imunidade!<\/p>\n\n\n\n<p>Ahhhh, e se puder, mantenha o isolamento\nsocial!<\/p>\n\n\n\n<p>E se precisar sair, n\u00e3o esque\u00e7a de\nusar sua m\u00e1scara de prote\u00e7\u00e3o.<\/p>\n","protected":false},"excerpt":{"rendered":"<p>Ainda n\u00e3o h\u00e1 medicamento, vitamina, alimento ou vacina que possa impedir a infec\u00e7\u00e3o pelo Novo Coronav\u00edrus (COVID-19). Mas pessoas com<\/p>\n","protected":false},"author":1,"featured_media":3980,"comment_status":"closed","ping_status":"closed","sticky":false,"template":"","format":"standard","meta":{"_mi_skip_tracking":false,"footnotes":""},"categories":[274,275],"tags":[],"class_list":["post-11525","post","type-post","status-publish","format-standard","has-post-thumbnail","hentry","category-covid19","category-saude"],"_links":{"self":[{"href":"https:\/\/www.silvajardim.rj.gov.br\/index.php\/wp-json\/wp\/v2\/posts\/11525","targetHints":{"allow":["GET"]}}],"collection":[{"href":"https:\/\/www.silvajardim.rj.gov.br\/index.php\/wp-json\/wp\/v2\/posts"}],"about":[{"href":"https:\/\/www.silvajardim.rj.gov.br\/index.php\/wp-json\/wp\/v2\/types\/post"}],"author":[{"embeddable":true,"href":"https:\/\/www.silvajardim.rj.gov.br\/index.php\/wp-json\/wp\/v2\/users\/1"}],"replies":[{"embeddable":true,"href":"https:\/\/www.silvajardim.rj.gov.br\/index.php\/wp-json\/wp\/v2\/comments?post=11525"}],"version-history":[{"count":0,"href":"https:\/\/www.silvajardim.rj.gov.br\/index.php\/wp-json\/wp\/v2\/posts\/11525\/revisions"}],"wp:featuredmedia":[{"embeddable":true,"href":"https:\/\/www.silvajardim.rj.gov.br\/index.php\/wp-json\/"}],"wp:attachment":[{"href":"https:\/\/www.silvajardim.rj.gov.br\/index.php\/wp-json\/wp\/v2\/media?parent=11525"}],"wp:term":[{"taxonomy":"category","embeddable":true,"href":"https:\/\/www.silvajardim.rj.gov.br\/index.php\/wp-json\/wp\/v2\/categories?post=11525"},{"taxonomy":"post_tag","embeddable":true,"href":"https:\/\/www.silvajardim.rj.gov.br\/index.php\/wp-json\/wp\/v2\/tags?post=11525"}],"curies":[{"name":"wp","href":"https:\/\/api.w.org\/{rel}","templated":true}]}}