{"id":11526,"date":"2020-05-11T17:57:10","date_gmt":"2020-05-11T20:57:10","guid":{"rendered":"https:\/\/www.silvajardim.rj.gov.br\/?p=3987"},"modified":"2020-05-11T17:57:10","modified_gmt":"2020-05-11T20:57:10","slug":"live-da-saude-com-esclarecimentos-e-duvidas-nesta-terca-feira","status":"publish","type":"post","link":"https:\/\/www.silvajardim.rj.gov.br\/index.php\/2020\/05\/11\/live-da-saude-com-esclarecimentos-e-duvidas-nesta-terca-feira\/","title":{"rendered":"\u201cLIVE DA SA\u00daDE\u201d COM ESCLARECIMENTOS E D\u00daVIDAS NESTA TER\u00c7A-FEIRA"},"content":{"rendered":"\n<figure class=\"wp-block-image size-large\"><img decoding=\"async\" src=\"https:\/\/www.silvajardim.rj.gov.br\/wp-content\/uploads\/2020\/05\/LIVE-DA-SAUDE-2-1-1024x1024.png\" alt=\"\" class=\"wp-image-3988\"\/><\/figure>\n\n\n\n<p class=\"texto-justificado\">A Prefeitura de Silva Jardim, atrav\u00e9s da Secretaria Municipal de Sa\u00fade e Assist\u00eancia Social promove nesta ter\u00e7a-feira (12), a partir das 10h, uma Live da Sa\u00fade com esclarecimentos e d\u00favidas em geral. A transmiss\u00e3o contar\u00e1 com as presen\u00e7as do Prefeito de Silva Jardim, Jaime Figueiredo, da Secret\u00e1ria Municipal de Sa\u00fade e Assist\u00eancia Social, Josiane Ferreira, do Secret\u00e1rio Municipal de Administra\u00e7\u00e3o, Hugo Thiengo, e do M\u00e9dico Sanitarista, Dr. Carlos Aranir. Participe conosco!<\/p>\n","protected":false},"excerpt":{"rendered":"<p>A Prefeitura de Silva Jardim, atrav\u00e9s da Secretaria Municipal de Sa\u00fade e Assist\u00eancia Social promove nesta ter\u00e7a-feira (12), a partir<\/p>\n","protected":false},"author":1,"featured_media":3988,"comment_status":"closed","ping_status":"closed","sticky":false,"template":"","format":"standard","meta":{"_mi_skip_tracking":false,"footnotes":""},"categories":[273,275],"tags":[],"class_list":["post-11526","post","type-post","status-publish","format-standard","has-post-thumbnail","hentry","category-prefeitura","category-saude"],"_links":{"self":[{"href":"https:\/\/www.silvajardim.rj.gov.br\/index.php\/wp-json\/wp\/v2\/posts\/11526","targetHints":{"allow":["GET"]}}],"collection":[{"href":"https:\/\/www.silvajardim.rj.gov.br\/index.php\/wp-json\/wp\/v2\/posts"}],"about":[{"href":"https:\/\/www.silvajardim.rj.gov.br\/index.php\/wp-json\/wp\/v2\/types\/post"}],"author":[{"embeddable":true,"href":"https:\/\/www.silvajardim.rj.gov.br\/index.php\/wp-json\/wp\/v2\/users\/1"}],"replies":[{"embeddable":true,"href":"https:\/\/www.silvajardim.rj.gov.br\/index.php\/wp-json\/wp\/v2\/comments?post=11526"}],"version-history":[{"count":0,"href":"https:\/\/www.silvajardim.rj.gov.br\/index.php\/wp-json\/wp\/v2\/posts\/11526\/revisions"}],"wp:featuredmedia":[{"embeddable":true,"href":"https:\/\/www.silvajardim.rj.gov.br\/index.php\/wp-json\/"}],"wp:attachment":[{"href":"https:\/\/www.silvajardim.rj.gov.br\/index.php\/wp-json\/wp\/v2\/media?parent=11526"}],"wp:term":[{"taxonomy":"category","embeddable":true,"href":"https:\/\/www.silvajardim.rj.gov.br\/index.php\/wp-json\/wp\/v2\/categories?post=11526"},{"taxonomy":"post_tag","embeddable":true,"href":"https:\/\/www.silvajardim.rj.gov.br\/index.php\/wp-json\/wp\/v2\/tags?post=11526"}],"curies":[{"name":"wp","href":"https:\/\/api.w.org\/{rel}","templated":true}]}}