{"id":11527,"date":"2020-05-13T00:17:53","date_gmt":"2020-05-13T03:17:53","guid":{"rendered":"https:\/\/www.silvajardim.rj.gov.br\/?p=3994"},"modified":"2020-05-13T00:17:53","modified_gmt":"2020-05-13T03:17:53","slug":"chamamento-publico-semsa-01-2020","status":"publish","type":"post","link":"https:\/\/www.silvajardim.rj.gov.br\/index.php\/2020\/05\/13\/chamamento-publico-semsa-01-2020\/","title":{"rendered":"CHAMAMENTO P\u00daBLICO SEMSA &#8211; 01\/2020"},"content":{"rendered":"\n<figure class=\"wp-block-image size-large is-resized is-style-default\"><img loading=\"lazy\" decoding=\"async\" src=\"https:\/\/www.silvajardim.rj.gov.br\/wp-content\/uploads\/2020\/05\/FOLDER-EDITAL.png\" alt=\"\" class=\"wp-image-3995\" width=\"582\" height=\"437\"\/><\/figure>\n\n\n\n<p class=\"has-drop-cap texto-justificado\"> Chamamento P\u00fablico  para forma\u00e7\u00e3o de cadastro de reserva para  contrata\u00e7\u00e3o de pessoal para atender \u00e0s necessidades tempor\u00e1rias da  secretaria municipal de sa\u00fade e assist\u00eancia social de Silva Jardim,  estado do Rio de Janeiro, em decorr\u00eancia da pandemia provocada pelo novo  coronav\u00edrus.<\/p>\n\n\n\n<p>Edital e Inscri\u00e7\u00f5es no link abaixo<\/p>\n\n\n\n\n","protected":false},"excerpt":{"rendered":"<p>Chamamento P\u00fablico para forma\u00e7\u00e3o de cadastro de reserva para contrata\u00e7\u00e3o de pessoal para atender \u00e0s necessidades tempor\u00e1rias da secretaria municipal<\/p>\n","protected":false},"author":1,"featured_media":3995,"comment_status":"closed","ping_status":"closed","sticky":true,"template":"","format":"standard","meta":{"_mi_skip_tracking":false,"footnotes":""},"categories":[274],"tags":[],"class_list":["post-11527","post","type-post","status-publish","format-standard","has-post-thumbnail","hentry","category-covid19"],"_links":{"self":[{"href":"https:\/\/www.silvajardim.rj.gov.br\/index.php\/wp-json\/wp\/v2\/posts\/11527","targetHints":{"allow":["GET"]}}],"collection":[{"href":"https:\/\/www.silvajardim.rj.gov.br\/index.php\/wp-json\/wp\/v2\/posts"}],"about":[{"href":"https:\/\/www.silvajardim.rj.gov.br\/index.php\/wp-json\/wp\/v2\/types\/post"}],"author":[{"embeddable":true,"href":"https:\/\/www.silvajardim.rj.gov.br\/index.php\/wp-json\/wp\/v2\/users\/1"}],"replies":[{"embeddable":true,"href":"https:\/\/www.silvajardim.rj.gov.br\/index.php\/wp-json\/wp\/v2\/comments?post=11527"}],"version-history":[{"count":0,"href":"https:\/\/www.silvajardim.rj.gov.br\/index.php\/wp-json\/wp\/v2\/posts\/11527\/revisions"}],"wp:featuredmedia":[{"embeddable":true,"href":"https:\/\/www.silvajardim.rj.gov.br\/index.php\/wp-json\/"}],"wp:attachment":[{"href":"https:\/\/www.silvajardim.rj.gov.br\/index.php\/wp-json\/wp\/v2\/media?parent=11527"}],"wp:term":[{"taxonomy":"category","embeddable":true,"href":"https:\/\/www.silvajardim.rj.gov.br\/index.php\/wp-json\/wp\/v2\/categories?post=11527"},{"taxonomy":"post_tag","embeddable":true,"href":"https:\/\/www.silvajardim.rj.gov.br\/index.php\/wp-json\/wp\/v2\/tags?post=11527"}],"curies":[{"name":"wp","href":"https:\/\/api.w.org\/{rel}","templated":true}]}}