{"id":11536,"date":"2020-06-02T10:12:25","date_gmt":"2020-06-02T13:12:25","guid":{"rendered":"https:\/\/www.silvajardim.rj.gov.br\/?p=4301"},"modified":"2020-06-02T10:12:25","modified_gmt":"2020-06-02T13:12:25","slug":"secretaria-de-meio-ambiente-realiza-operacao-de-combate-ao-crime-ambiental","status":"publish","type":"post","link":"https:\/\/www.silvajardim.rj.gov.br\/index.php\/2020\/06\/02\/secretaria-de-meio-ambiente-realiza-operacao-de-combate-ao-crime-ambiental\/","title":{"rendered":"SECRETARIA DE MEIO AMBIENTE REALIZA OPERA\u00c7\u00c3O DE COMBATE AO CRIME AMBIENTAL"},"content":{"rendered":"\n<p>A Secretaria Municipal de Meio Ambiente, atrav\u00e9s da Guarda Ambiental, visando \u00e0 preserva\u00e7\u00e3o do Meio Ambiente, realizou nesta segunda-feira (1), uma opera\u00e7\u00e3o de fiscaliza\u00e7\u00e3o e averigua\u00e7\u00e3o de crimes ambientais, em Silva Jardim. A a\u00e7\u00e3o consistiu em identificar e inibir as irregularidades ambientais no Munic\u00edpio. Nos locais fiscalizados, diversas ferramentas foram apreendidas. A opera\u00e7\u00e3o contou ainda com os apoios da Secretaria Municipal de Seguran\u00e7a P\u00fablica e da Guarni\u00e7\u00e3o da 5\u00aa UPAm (Unidade de Policiamento Ambiental).<\/p>\n\n\n\n<figure class=\"wp-block-image size-large\"><img decoding=\"async\" src=\"https:\/\/www.silvajardim.rj.gov.br\/wp-content\/uploads\/2020\/06\/IMG_20200601_164912140-1024x768.jpg\" alt=\"\" class=\"wp-image-4307\"\/><\/figure>\n\n\n\n<figure class=\"wp-block-image size-large\"><img decoding=\"async\" src=\"https:\/\/www.silvajardim.rj.gov.br\/wp-content\/uploads\/2020\/06\/Snapshot-2-1-1024x576.png\" alt=\"\" class=\"wp-image-4309\"\/><\/figure>\n\n\n\n<figure class=\"wp-block-image size-large\"><img decoding=\"async\" src=\"https:\/\/www.silvajardim.rj.gov.br\/wp-content\/uploads\/2020\/06\/IMG_20200601_105543982-1024x768.jpg\" alt=\"\" class=\"wp-image-4302\"\/><\/figure>\n\n\n\n<figure class=\"wp-block-image size-large\"><img decoding=\"async\" src=\"https:\/\/www.silvajardim.rj.gov.br\/wp-content\/uploads\/2020\/06\/IMG_20200601_112520518-1024x768.jpg\" alt=\"\" class=\"wp-image-4303\"\/><\/figure>\n\n\n\n<figure class=\"wp-block-image size-large\"><img decoding=\"async\" src=\"https:\/\/www.silvajardim.rj.gov.br\/wp-content\/uploads\/2020\/06\/IMG_20200601_113809960-1024x768.jpg\" alt=\"\" class=\"wp-image-4304\"\/><\/figure>\n\n\n\n<figure class=\"wp-block-image size-large\"><img decoding=\"async\" src=\"https:\/\/www.silvajardim.rj.gov.br\/wp-content\/uploads\/2020\/06\/IMG_20200601_123438524-1024x768.jpg\" alt=\"\" class=\"wp-image-4305\"\/><\/figure>\n\n\n\n<figure class=\"wp-block-image size-large\"><img decoding=\"async\" src=\"https:\/\/www.silvajardim.rj.gov.br\/wp-content\/uploads\/2020\/06\/IMG_20200601_154359643-1024x768.jpg\" alt=\"\" class=\"wp-image-4306\"\/><\/figure>\n","protected":false},"excerpt":{"rendered":"<p>A Secretaria Municipal de Meio Ambiente, atrav\u00e9s da Guarda Ambiental, visando \u00e0 preserva\u00e7\u00e3o do Meio Ambiente, realizou nesta segunda-feira (1),<\/p>\n","protected":false},"author":1,"featured_media":4307,"comment_status":"closed","ping_status":"closed","sticky":false,"template":"","format":"standard","meta":{"_mi_skip_tracking":false,"footnotes":""},"categories":[276,280],"tags":[],"class_list":["post-11536","post","type-post","status-publish","format-standard","has-post-thumbnail","hentry","category-meio-ambiente","category-seguranca-publica"],"_links":{"self":[{"href":"https:\/\/www.silvajardim.rj.gov.br\/index.php\/wp-json\/wp\/v2\/posts\/11536","targetHints":{"allow":["GET"]}}],"collection":[{"href":"https:\/\/www.silvajardim.rj.gov.br\/index.php\/wp-json\/wp\/v2\/posts"}],"about":[{"href":"https:\/\/www.silvajardim.rj.gov.br\/index.php\/wp-json\/wp\/v2\/types\/post"}],"author":[{"embeddable":true,"href":"https:\/\/www.silvajardim.rj.gov.br\/index.php\/wp-json\/wp\/v2\/users\/1"}],"replies":[{"embeddable":true,"href":"https:\/\/www.silvajardim.rj.gov.br\/index.php\/wp-json\/wp\/v2\/comments?post=11536"}],"version-history":[{"count":0,"href":"https:\/\/www.silvajardim.rj.gov.br\/index.php\/wp-json\/wp\/v2\/posts\/11536\/revisions"}],"wp:featuredmedia":[{"embeddable":true,"href":"https:\/\/www.silvajardim.rj.gov.br\/index.php\/wp-json\/"}],"wp:attachment":[{"href":"https:\/\/www.silvajardim.rj.gov.br\/index.php\/wp-json\/wp\/v2\/media?parent=11536"}],"wp:term":[{"taxonomy":"category","embeddable":true,"href":"https:\/\/www.silvajardim.rj.gov.br\/index.php\/wp-json\/wp\/v2\/categories?post=11536"},{"taxonomy":"post_tag","embeddable":true,"href":"https:\/\/www.silvajardim.rj.gov.br\/index.php\/wp-json\/wp\/v2\/tags?post=11536"}],"curies":[{"name":"wp","href":"https:\/\/api.w.org\/{rel}","templated":true}]}}