{"id":11537,"date":"2020-06-05T09:16:19","date_gmt":"2020-06-05T12:16:19","guid":{"rendered":"https:\/\/www.silvajardim.rj.gov.br\/?p=4336"},"modified":"2020-06-05T09:16:19","modified_gmt":"2020-06-05T12:16:19","slug":"secretaria-de-meio-ambiente-inicia-acoes-de-preservacao-no-dia-mundial-do-meio-ambiente","status":"publish","type":"post","link":"https:\/\/www.silvajardim.rj.gov.br\/index.php\/2020\/06\/05\/secretaria-de-meio-ambiente-inicia-acoes-de-preservacao-no-dia-mundial-do-meio-ambiente\/","title":{"rendered":"SECRETARIA DE MEIO AMBIENTE INICIA A\u00c7\u00d5ES DE PRESERVA\u00c7\u00c3O NO DIA MUNDIAL DO MEIO AMBIENTE"},"content":{"rendered":"\n<p>A Prefeitura de Silva Jardim, atrav\u00e9s da Secretaria Municipal de Meio Ambiente, iniciou na manh\u00e3 desta sexta-feira (5), uma a\u00e7\u00e3o de limpeza na \u00c1rea de Triagem e Transbordo (ATT), no bairro Cidade Nova. No local, est\u00e3o sendo feitas as separa\u00e7\u00f5es do lixo org\u00e2nico e do lixo n\u00e3o org\u00e2nico. O trabalho est\u00e1 sendo executado pela equipe da Secretaria de Meio Ambiente com o aux\u00edlio de um caminh\u00e3o basculante e uma retroescavadeira, para retirada do material recolhido. <\/p>\n\n\n\n<p>Nesta sexta-feira, dia 5 de junho, comemora-se o Dia Mundial do Meio Ambiente. No decorrer do dia, a Secretaria Municipal de Meio Ambiente realizar\u00e1 diversas a\u00e7\u00f5es de prote\u00e7\u00e3o e preserva\u00e7\u00e3o do meio ambiente.<\/p>\n\n\n\n<figure class=\"wp-block-image size-large\"><img decoding=\"async\" src=\"https:\/\/www.silvajardim.rj.gov.br\/wp-content\/uploads\/2020\/06\/WhatsApp-Image-2020-06-05-at-08.23.33-768x1024.jpeg\" alt=\"\" class=\"wp-image-4341\"\/><\/figure>\n\n\n\n<figure class=\"wp-block-image size-large\"><img decoding=\"async\" src=\"https:\/\/www.silvajardim.rj.gov.br\/wp-content\/uploads\/2020\/06\/WhatsApp-Image-2020-06-05-at-08.20.50-768x1024.jpeg\" alt=\"\" class=\"wp-image-4337\"\/><\/figure>\n\n\n\n<figure class=\"wp-block-image size-large\"><img decoding=\"async\" src=\"https:\/\/www.silvajardim.rj.gov.br\/wp-content\/uploads\/2020\/06\/WhatsApp-Image-2020-06-05-at-08.23.06-768x1024.jpeg\" alt=\"\" class=\"wp-image-4338\"\/><\/figure>\n\n\n\n<figure class=\"wp-block-image size-large\"><img decoding=\"async\" src=\"https:\/\/www.silvajardim.rj.gov.br\/wp-content\/uploads\/2020\/06\/WhatsApp-Image-2020-06-05-at-08.23.29-2-768x1024.jpeg\" alt=\"\" class=\"wp-image-4339\"\/><\/figure>\n\n\n\n<figure class=\"wp-block-image size-large\"><img decoding=\"async\" src=\"https:\/\/www.silvajardim.rj.gov.br\/wp-content\/uploads\/2020\/06\/WhatsApp-Image-2020-06-05-at-08.23.30-768x1024.jpeg\" alt=\"\" class=\"wp-image-4340\"\/><\/figure>\n","protected":false},"excerpt":{"rendered":"<p>A Prefeitura de Silva Jardim, atrav\u00e9s da Secretaria Municipal de Meio Ambiente, iniciou na manh\u00e3 desta sexta-feira (5), uma a\u00e7\u00e3o<\/p>\n","protected":false},"author":1,"featured_media":4341,"comment_status":"closed","ping_status":"closed","sticky":false,"template":"","format":"standard","meta":{"_mi_skip_tracking":false,"footnotes":""},"categories":[276],"tags":[],"class_list":["post-11537","post","type-post","status-publish","format-standard","has-post-thumbnail","hentry","category-meio-ambiente"],"_links":{"self":[{"href":"https:\/\/www.silvajardim.rj.gov.br\/index.php\/wp-json\/wp\/v2\/posts\/11537","targetHints":{"allow":["GET"]}}],"collection":[{"href":"https:\/\/www.silvajardim.rj.gov.br\/index.php\/wp-json\/wp\/v2\/posts"}],"about":[{"href":"https:\/\/www.silvajardim.rj.gov.br\/index.php\/wp-json\/wp\/v2\/types\/post"}],"author":[{"embeddable":true,"href":"https:\/\/www.silvajardim.rj.gov.br\/index.php\/wp-json\/wp\/v2\/users\/1"}],"replies":[{"embeddable":true,"href":"https:\/\/www.silvajardim.rj.gov.br\/index.php\/wp-json\/wp\/v2\/comments?post=11537"}],"version-history":[{"count":0,"href":"https:\/\/www.silvajardim.rj.gov.br\/index.php\/wp-json\/wp\/v2\/posts\/11537\/revisions"}],"wp:featuredmedia":[{"embeddable":true,"href":"https:\/\/www.silvajardim.rj.gov.br\/index.php\/wp-json\/"}],"wp:attachment":[{"href":"https:\/\/www.silvajardim.rj.gov.br\/index.php\/wp-json\/wp\/v2\/media?parent=11537"}],"wp:term":[{"taxonomy":"category","embeddable":true,"href":"https:\/\/www.silvajardim.rj.gov.br\/index.php\/wp-json\/wp\/v2\/categories?post=11537"},{"taxonomy":"post_tag","embeddable":true,"href":"https:\/\/www.silvajardim.rj.gov.br\/index.php\/wp-json\/wp\/v2\/tags?post=11537"}],"curies":[{"name":"wp","href":"https:\/\/api.w.org\/{rel}","templated":true}]}}