{"id":11538,"date":"2020-06-05T13:54:41","date_gmt":"2020-06-05T16:54:41","guid":{"rendered":"https:\/\/www.silvajardim.rj.gov.br\/?p=4343"},"modified":"2020-06-05T13:54:41","modified_gmt":"2020-06-05T16:54:41","slug":"dia-05-de-junho-dia-mundial-do-meio-ambiente","status":"publish","type":"post","link":"https:\/\/www.silvajardim.rj.gov.br\/index.php\/2020\/06\/05\/dia-05-de-junho-dia-mundial-do-meio-ambiente\/","title":{"rendered":"DIA 05 DE JUNHO \u2013 DIA MUNDIAL DO MEIO AMBIENTE"},"content":{"rendered":"\n<figure class=\"wp-block-image size-large\"><img decoding=\"async\" src=\"https:\/\/www.silvajardim.rj.gov.br\/wp-content\/uploads\/2020\/06\/dia-mundial-do-meio-ambiente-1024x1024.png\" alt=\"\" class=\"wp-image-4344\"\/><\/figure>\n\n\n\n<p>O Dia Mundial do Meio Ambiente \u00e9 comemorado no dia 5 de junho, em raz\u00e3o da Confer\u00eancia de Estocolmo, organizada pela Organiza\u00e7\u00e3o das Na\u00e7\u00f5es Unidas (ONU), em 1972. A data tem a finalidade de promover atividades de prote\u00e7\u00e3o e preserva\u00e7\u00e3o do meio ambiente, al\u00e9m de alertar a popula\u00e7\u00e3o de cada pa\u00eds sobre os cuidados para com o Meio Ambiente. Neste dia especial, diversas atividades s\u00e3o realizadas como, plantar uma \u00e1rvore, fazer um mutir\u00e3o de limpeza de florestas ou de praias, promover campanhas de reciclagem, reutilizar objetos criando novos, entre outras a\u00e7\u00f5es.<\/p>\n\n\n\n<p>Nossa equipe de Meio Ambiente est\u00e1 realizando a\u00e7\u00f5es de prote\u00e7\u00e3o e preserva\u00e7\u00e3o do meio ambiente no decorrer do dia, em nosso Munic\u00edpio. Acompanhe as divulga\u00e7\u00f5es nas nossas redes sociais.<\/p>\n","protected":false},"excerpt":{"rendered":"<p>O Dia Mundial do Meio Ambiente \u00e9 comemorado no dia 5 de junho, em raz\u00e3o da Confer\u00eancia de Estocolmo, organizada<\/p>\n","protected":false},"author":1,"featured_media":4344,"comment_status":"closed","ping_status":"closed","sticky":false,"template":"","format":"standard","meta":{"_mi_skip_tracking":false,"footnotes":""},"categories":[276],"tags":[],"class_list":["post-11538","post","type-post","status-publish","format-standard","has-post-thumbnail","hentry","category-meio-ambiente"],"_links":{"self":[{"href":"https:\/\/www.silvajardim.rj.gov.br\/index.php\/wp-json\/wp\/v2\/posts\/11538","targetHints":{"allow":["GET"]}}],"collection":[{"href":"https:\/\/www.silvajardim.rj.gov.br\/index.php\/wp-json\/wp\/v2\/posts"}],"about":[{"href":"https:\/\/www.silvajardim.rj.gov.br\/index.php\/wp-json\/wp\/v2\/types\/post"}],"author":[{"embeddable":true,"href":"https:\/\/www.silvajardim.rj.gov.br\/index.php\/wp-json\/wp\/v2\/users\/1"}],"replies":[{"embeddable":true,"href":"https:\/\/www.silvajardim.rj.gov.br\/index.php\/wp-json\/wp\/v2\/comments?post=11538"}],"version-history":[{"count":0,"href":"https:\/\/www.silvajardim.rj.gov.br\/index.php\/wp-json\/wp\/v2\/posts\/11538\/revisions"}],"wp:featuredmedia":[{"embeddable":true,"href":"https:\/\/www.silvajardim.rj.gov.br\/index.php\/wp-json\/"}],"wp:attachment":[{"href":"https:\/\/www.silvajardim.rj.gov.br\/index.php\/wp-json\/wp\/v2\/media?parent=11538"}],"wp:term":[{"taxonomy":"category","embeddable":true,"href":"https:\/\/www.silvajardim.rj.gov.br\/index.php\/wp-json\/wp\/v2\/categories?post=11538"},{"taxonomy":"post_tag","embeddable":true,"href":"https:\/\/www.silvajardim.rj.gov.br\/index.php\/wp-json\/wp\/v2\/tags?post=11538"}],"curies":[{"name":"wp","href":"https:\/\/api.w.org\/{rel}","templated":true}]}}