{"id":11548,"date":"2020-06-15T17:10:05","date_gmt":"2020-06-15T20:10:05","guid":{"rendered":"https:\/\/www.silvajardim.rj.gov.br\/?p=4485"},"modified":"2020-06-15T17:10:05","modified_gmt":"2020-06-15T20:10:05","slug":"plataforma-digital-de-atividades-complementares-atualizada","status":"publish","type":"post","link":"https:\/\/www.silvajardim.rj.gov.br\/index.php\/2020\/06\/15\/plataforma-digital-de-atividades-complementares-atualizada\/","title":{"rendered":"PLATAFORMA DIGITAL DE ATIVIDADES COMPLEMENTARES ATUALIZADA"},"content":{"rendered":"\n<figure class=\"wp-block-image size-large\"><img decoding=\"async\" src=\"https:\/\/www.silvajardim.rj.gov.br\/wp-content\/uploads\/2020\/06\/PLATAFORMA-EDUCACAO-ATUALIZADA-1024x1024.png\" alt=\"\" class=\"wp-image-4486\"\/><\/figure>\n\n\n\n<p>A Prefeitura de Silva Jardim, atrav\u00e9s da Secretaria Municipal de Educa\u00e7\u00e3o, Ci\u00eancia e Tecnologia, informa aos pais e\/ou respons\u00e1veis que a Plataforma Digital de Atividades Complementares foi atualizada e j\u00e1 est\u00e1 em funcionamento. Agora, os estudantes podem acessar suas atividades atrav\u00e9s da aba com o nome de sua unidade escolar. <\/p>\n\n\n\n<p>A Plataforma Digital de Atividades Complementares pode ser acessada atrav\u00e9s do link: <a href=\"https:\/\/semectsj.wixsite.com\/ativcomplementares\">https:\/\/semectsj.wixsite.com\/ativcomplementares<\/a><\/p>\n","protected":false},"excerpt":{"rendered":"<p>A Prefeitura de Silva Jardim, atrav\u00e9s da Secretaria Municipal de Educa\u00e7\u00e3o, Ci\u00eancia e Tecnologia, informa aos pais e\/ou respons\u00e1veis que<\/p>\n","protected":false},"author":1,"featured_media":0,"comment_status":"closed","ping_status":"closed","sticky":false,"template":"","format":"standard","meta":{"_mi_skip_tracking":false,"footnotes":""},"categories":[286],"tags":[],"class_list":["post-11548","post","type-post","status-publish","format-standard","hentry","category-educacao"],"_links":{"self":[{"href":"https:\/\/www.silvajardim.rj.gov.br\/index.php\/wp-json\/wp\/v2\/posts\/11548","targetHints":{"allow":["GET"]}}],"collection":[{"href":"https:\/\/www.silvajardim.rj.gov.br\/index.php\/wp-json\/wp\/v2\/posts"}],"about":[{"href":"https:\/\/www.silvajardim.rj.gov.br\/index.php\/wp-json\/wp\/v2\/types\/post"}],"author":[{"embeddable":true,"href":"https:\/\/www.silvajardim.rj.gov.br\/index.php\/wp-json\/wp\/v2\/users\/1"}],"replies":[{"embeddable":true,"href":"https:\/\/www.silvajardim.rj.gov.br\/index.php\/wp-json\/wp\/v2\/comments?post=11548"}],"version-history":[{"count":0,"href":"https:\/\/www.silvajardim.rj.gov.br\/index.php\/wp-json\/wp\/v2\/posts\/11548\/revisions"}],"wp:attachment":[{"href":"https:\/\/www.silvajardim.rj.gov.br\/index.php\/wp-json\/wp\/v2\/media?parent=11548"}],"wp:term":[{"taxonomy":"category","embeddable":true,"href":"https:\/\/www.silvajardim.rj.gov.br\/index.php\/wp-json\/wp\/v2\/categories?post=11548"},{"taxonomy":"post_tag","embeddable":true,"href":"https:\/\/www.silvajardim.rj.gov.br\/index.php\/wp-json\/wp\/v2\/tags?post=11548"}],"curies":[{"name":"wp","href":"https:\/\/api.w.org\/{rel}","templated":true}]}}