{"id":11556,"date":"2020-06-18T10:14:50","date_gmt":"2020-06-18T13:14:50","guid":{"rendered":"https:\/\/www.silvajardim.rj.gov.br\/?p=4538"},"modified":"2020-06-18T10:14:50","modified_gmt":"2020-06-18T13:14:50","slug":"prefeitura-realiza-servico-de-colocacao-de-manilhas-no-bairro-varginha","status":"publish","type":"post","link":"https:\/\/www.silvajardim.rj.gov.br\/index.php\/2020\/06\/18\/prefeitura-realiza-servico-de-colocacao-de-manilhas-no-bairro-varginha\/","title":{"rendered":"PREFEITURA REALIZA SERVI\u00c7O DE COLOCA\u00c7\u00c3O DE MANILHAS NO BAIRRO VARGINHA"},"content":{"rendered":"\n<p>A Prefeitura de Silva Jardim, atrav\u00e9s da Secretaria Municipal de Servi\u00e7os P\u00fablicos e Manuten\u00e7\u00e3o realizou na \u00faltima semana, um servi\u00e7o de coloca\u00e7\u00e3o de manilhas no bairro Varginha. O trabalho foi realizado com os aux\u00edlios de uma m\u00e1quina retroescavadeira e um caminh\u00e3o basculante.<\/p>\n\n\n\n<figure class=\"wp-block-image size-large\"><img decoding=\"async\" src=\"https:\/\/www.silvajardim.rj.gov.br\/wp-content\/uploads\/2020\/06\/WhatsApp-Image-2020-06-17-at-16.53.52-1024x768.jpeg\" alt=\"\" class=\"wp-image-4539\"\/><\/figure>\n\n\n\n<figure class=\"wp-block-image size-large\"><img decoding=\"async\" src=\"https:\/\/www.silvajardim.rj.gov.br\/wp-content\/uploads\/2020\/06\/WhatsApp-Image-2020-06-17-at-16.53.53-1-1024x768.jpeg\" alt=\"\" class=\"wp-image-4540\"\/><\/figure>\n\n\n\n<figure class=\"wp-block-image size-large\"><img decoding=\"async\" src=\"https:\/\/www.silvajardim.rj.gov.br\/wp-content\/uploads\/2020\/06\/WhatsApp-Image-2020-06-17-at-16.53.53-2-1024x768.jpeg\" alt=\"\" class=\"wp-image-4541\"\/><\/figure>\n\n\n\n<figure class=\"wp-block-image size-large\"><img decoding=\"async\" src=\"https:\/\/www.silvajardim.rj.gov.br\/wp-content\/uploads\/2020\/06\/WhatsApp-Image-2020-06-17-at-16.53.53-3-1024x768.jpeg\" alt=\"\" class=\"wp-image-4542\"\/><\/figure>\n\n\n\n<figure class=\"wp-block-image size-large\"><img decoding=\"async\" src=\"https:\/\/www.silvajardim.rj.gov.br\/wp-content\/uploads\/2020\/06\/WhatsApp-Image-2020-06-17-at-16.53.54-1024x768.jpeg\" alt=\"\" class=\"wp-image-4543\"\/><\/figure>\n","protected":false},"excerpt":{"rendered":"<p>A Prefeitura de Silva Jardim, atrav\u00e9s da Secretaria Municipal de Servi\u00e7os P\u00fablicos e Manuten\u00e7\u00e3o realizou na \u00faltima semana, um servi\u00e7o<\/p>\n","protected":false},"author":1,"featured_media":4539,"comment_status":"closed","ping_status":"closed","sticky":false,"template":"","format":"standard","meta":{"_mi_skip_tracking":false,"footnotes":""},"categories":[277],"tags":[],"class_list":["post-11556","post","type-post","status-publish","format-standard","has-post-thumbnail","hentry","category-obras-e-servicos-publicos"],"_links":{"self":[{"href":"https:\/\/www.silvajardim.rj.gov.br\/index.php\/wp-json\/wp\/v2\/posts\/11556","targetHints":{"allow":["GET"]}}],"collection":[{"href":"https:\/\/www.silvajardim.rj.gov.br\/index.php\/wp-json\/wp\/v2\/posts"}],"about":[{"href":"https:\/\/www.silvajardim.rj.gov.br\/index.php\/wp-json\/wp\/v2\/types\/post"}],"author":[{"embeddable":true,"href":"https:\/\/www.silvajardim.rj.gov.br\/index.php\/wp-json\/wp\/v2\/users\/1"}],"replies":[{"embeddable":true,"href":"https:\/\/www.silvajardim.rj.gov.br\/index.php\/wp-json\/wp\/v2\/comments?post=11556"}],"version-history":[{"count":0,"href":"https:\/\/www.silvajardim.rj.gov.br\/index.php\/wp-json\/wp\/v2\/posts\/11556\/revisions"}],"wp:featuredmedia":[{"embeddable":true,"href":"https:\/\/www.silvajardim.rj.gov.br\/index.php\/wp-json\/"}],"wp:attachment":[{"href":"https:\/\/www.silvajardim.rj.gov.br\/index.php\/wp-json\/wp\/v2\/media?parent=11556"}],"wp:term":[{"taxonomy":"category","embeddable":true,"href":"https:\/\/www.silvajardim.rj.gov.br\/index.php\/wp-json\/wp\/v2\/categories?post=11556"},{"taxonomy":"post_tag","embeddable":true,"href":"https:\/\/www.silvajardim.rj.gov.br\/index.php\/wp-json\/wp\/v2\/tags?post=11556"}],"curies":[{"name":"wp","href":"https:\/\/api.w.org\/{rel}","templated":true}]}}