{"id":11563,"date":"2020-06-23T12:42:28","date_gmt":"2020-06-23T15:42:28","guid":{"rendered":"https:\/\/www.silvajardim.rj.gov.br\/?p=4607"},"modified":"2020-06-23T12:42:28","modified_gmt":"2020-06-23T15:42:28","slug":"mais-um-sitiante-beneficiado-no-preparo-de-terras-para-plantio-agricola-em-cambucaes-4","status":"publish","type":"post","link":"https:\/\/www.silvajardim.rj.gov.br\/index.php\/2020\/06\/23\/mais-um-sitiante-beneficiado-no-preparo-de-terras-para-plantio-agricola-em-cambucaes-4\/","title":{"rendered":"MAIS UM SITIANTE BENEFICIADO NO PREPARO DE TERRAS PARA PLANTIO AGR\u00cdCOLA EM CAMBUCAES"},"content":{"rendered":"\n<p>A Prefeitura de Silva Jardim, atrav\u00e9s da Secretaria Municipal de Agricultura, Abastecimento e Pesca, beneficiou mais um sitiante no preparo das terras para o plantio agr\u00edcola, no S\u00edtio Cantinho Feliz, em Cambucaes. Mesmo em meio \u00e0 Pandemia do Novo Coronav\u00edrus, os agricultores familiares continuam recebendo total apoio, com assist\u00eancia t\u00e9cnica e maquin\u00e1rios. O trabalho de preparo do solo foi realizado com o aux\u00edlio de um trator com grade aradora.<\/p>\n\n\n\n<figure class=\"wp-block-image size-large\"><img decoding=\"async\" src=\"https:\/\/www.silvajardim.rj.gov.br\/wp-content\/uploads\/2020\/06\/WhatsApp-Image-2020-06-23-at-12.28.10-1-1024x576.jpeg\" alt=\"\" class=\"wp-image-4608\"\/><\/figure>\n\n\n\n<figure class=\"wp-block-image size-large\"><img decoding=\"async\" src=\"https:\/\/www.silvajardim.rj.gov.br\/wp-content\/uploads\/2020\/06\/WhatsApp-Image-2020-06-23-at-12.28.10-2-1024x576.jpeg\" alt=\"\" class=\"wp-image-4609\"\/><\/figure>\n\n\n\n<figure class=\"wp-block-image size-large\"><img decoding=\"async\" src=\"https:\/\/www.silvajardim.rj.gov.br\/wp-content\/uploads\/2020\/06\/WhatsApp-Image-2020-06-23-at-12.28.10-3-1024x576.jpeg\" alt=\"\" class=\"wp-image-4610\"\/><\/figure>\n\n\n\n<figure class=\"wp-block-image size-large\"><img decoding=\"async\" src=\"https:\/\/www.silvajardim.rj.gov.br\/wp-content\/uploads\/2020\/06\/WhatsApp-Image-2020-06-23-at-12.28.10-1024x576.jpeg\" alt=\"\" class=\"wp-image-4611\"\/><\/figure>\n\n\n\n<figure class=\"wp-block-image size-large\"><img decoding=\"async\" src=\"https:\/\/www.silvajardim.rj.gov.br\/wp-content\/uploads\/2020\/06\/WhatsApp-Image-2020-06-23-at-12.28.11-1-1024x576.jpeg\" alt=\"\" class=\"wp-image-4612\"\/><\/figure>\n\n\n\n<figure class=\"wp-block-image size-large\"><img decoding=\"async\" src=\"https:\/\/www.silvajardim.rj.gov.br\/wp-content\/uploads\/2020\/06\/WhatsApp-Image-2020-06-23-at-12.28.11-2-1024x576.jpeg\" alt=\"\" class=\"wp-image-4613\"\/><\/figure>\n\n\n\n<figure class=\"wp-block-image size-large\"><img decoding=\"async\" src=\"https:\/\/www.silvajardim.rj.gov.br\/wp-content\/uploads\/2020\/06\/WhatsApp-Image-2020-06-23-at-12.28.11-3-1-1024x576.jpeg\" alt=\"\" class=\"wp-image-4616\"\/><\/figure>\n\n\n\n<figure class=\"wp-block-image size-large\"><img decoding=\"async\" src=\"https:\/\/www.silvajardim.rj.gov.br\/wp-content\/uploads\/2020\/06\/WhatsApp-Image-2020-06-23-at-12.28.11-1024x576.jpeg\" alt=\"\" class=\"wp-image-4615\"\/><\/figure>\n","protected":false},"excerpt":{"rendered":"<p>A Prefeitura de Silva Jardim, atrav\u00e9s da Secretaria Municipal de Agricultura, Abastecimento e Pesca, beneficiou mais um sitiante no preparo<\/p>\n","protected":false},"author":1,"featured_media":4610,"comment_status":"closed","ping_status":"closed","sticky":false,"template":"","format":"standard","meta":{"_mi_skip_tracking":false,"footnotes":""},"categories":[272],"tags":[],"class_list":["post-11563","post","type-post","status-publish","format-standard","has-post-thumbnail","hentry","category-agricultura"],"_links":{"self":[{"href":"https:\/\/www.silvajardim.rj.gov.br\/index.php\/wp-json\/wp\/v2\/posts\/11563","targetHints":{"allow":["GET"]}}],"collection":[{"href":"https:\/\/www.silvajardim.rj.gov.br\/index.php\/wp-json\/wp\/v2\/posts"}],"about":[{"href":"https:\/\/www.silvajardim.rj.gov.br\/index.php\/wp-json\/wp\/v2\/types\/post"}],"author":[{"embeddable":true,"href":"https:\/\/www.silvajardim.rj.gov.br\/index.php\/wp-json\/wp\/v2\/users\/1"}],"replies":[{"embeddable":true,"href":"https:\/\/www.silvajardim.rj.gov.br\/index.php\/wp-json\/wp\/v2\/comments?post=11563"}],"version-history":[{"count":0,"href":"https:\/\/www.silvajardim.rj.gov.br\/index.php\/wp-json\/wp\/v2\/posts\/11563\/revisions"}],"wp:featuredmedia":[{"embeddable":true,"href":"https:\/\/www.silvajardim.rj.gov.br\/index.php\/wp-json\/"}],"wp:attachment":[{"href":"https:\/\/www.silvajardim.rj.gov.br\/index.php\/wp-json\/wp\/v2\/media?parent=11563"}],"wp:term":[{"taxonomy":"category","embeddable":true,"href":"https:\/\/www.silvajardim.rj.gov.br\/index.php\/wp-json\/wp\/v2\/categories?post=11563"},{"taxonomy":"post_tag","embeddable":true,"href":"https:\/\/www.silvajardim.rj.gov.br\/index.php\/wp-json\/wp\/v2\/tags?post=11563"}],"curies":[{"name":"wp","href":"https:\/\/api.w.org\/{rel}","templated":true}]}}